{"id":39747,"date":"2025-10-16T10:08:09","date_gmt":"2025-10-16T13:08:09","guid":{"rendered":"https:\/\/ligamercedina.com\/web\/?p=39747"},"modified":"2025-10-16T22:59:38","modified_gmt":"2025-10-17T01:59:38","slug":"programa-de-partidos-pendientes","status":"publish","type":"post","link":"https:\/\/ligamercedina.com\/web\/programa-de-partidos-pendientes\/","title":{"rendered":"Partidos pendientes de Primera y Reserva &#8211; Femenino de Primera -Inferiores"},"content":{"rendered":"<h4 style=\"text-align: center;\"><span style=\"color: #ff0000;\"><strong>PRIMERA<\/strong><\/span><\/h4>\n<p><strong>Defensores 1:<\/strong> Braian Lucero.<br \/>\n<strong>Trocha 2:<\/strong> Mauro Sigona 2.<\/p>\n<p><strong>Mercedes 2:<\/strong> Mateo Blanco y Franco Torres.<br \/>\n<strong>Quilmes 0<\/strong>.<\/p>\n<p><strong>Villa Manchi 0.<\/strong><br \/>\n<strong>El Front\u00f3n 0.<br \/>\n<a href=\"https:\/\/ligamercedina.com\/web\/wp-content\/uploads\/2025\/10\/Primera-division-A-1-1.jpg\"><img loading=\"lazy\" decoding=\"async\" class=\"aligncenter size-full wp-image-39801\" src=\"https:\/\/ligamercedina.com\/web\/wp-content\/uploads\/2025\/10\/Primera-division-A-1-1.jpg\" alt=\"\" width=\"640\" height=\"440\" srcset=\"https:\/\/ligamercedina.com\/web\/wp-content\/uploads\/2025\/10\/Primera-division-A-1-1.jpg 640w, https:\/\/ligamercedina.com\/web\/wp-content\/uploads\/2025\/10\/Primera-division-A-1-1-300x206.jpg 300w\" sizes=\"auto, (max-width: 640px) 100vw, 640px\" \/><\/a><br \/>\n<\/strong><\/p>\n<h4 style=\"text-align: center;\"><strong><span style=\"color: #ff0000;\">RESERVA<\/span><\/strong><\/h4>\n<p><strong>Villa Manchi 0<\/strong>.<br \/>\n<strong>El Front\u00f3n 1:<\/strong> Mat\u00edas Molina.<\/p>\n<p><strong>Mercedes 4:<\/strong> Juan Rubbo Respuela, Juan Spaks, Tob\u00edas Mc Cormack y Marino Silva.<br \/>\n<strong>Quilmes 1:<\/strong> Samuel Borja.<br \/>\n<a href=\"https:\/\/ligamercedina.com\/web\/wp-content\/uploads\/2025\/10\/Primera-division-A-Reserva-2.jpg\"><img loading=\"lazy\" decoding=\"async\" class=\"aligncenter size-full wp-image-39819\" src=\"https:\/\/ligamercedina.com\/web\/wp-content\/uploads\/2025\/10\/Primera-division-A-Reserva-2.jpg\" alt=\"\" width=\"640\" height=\"428\" srcset=\"https:\/\/ligamercedina.com\/web\/wp-content\/uploads\/2025\/10\/Primera-division-A-Reserva-2.jpg 640w, https:\/\/ligamercedina.com\/web\/wp-content\/uploads\/2025\/10\/Primera-division-A-Reserva-2-300x201.jpg 300w\" sizes=\"auto, (max-width: 640px) 100vw, 640px\" \/><\/a><br \/>\n<span style=\"color: #ff0000;\"><strong>\u00a0 \u00a0 \u00a0 \u00a0 \u00a0 \u00a0 \u00a0 \u00a0 \u00a0 \u00a0 \u00a0 \u00a0 \u00a0 \u00a0 \u00a0 \u00a0 \u00a0 \u00a0 \u00a0 \u00a0 \u00a0 \u00a0 \u00a0 \u00a0 \u00a0 \u00a0 \u00a0 \u00a0 \u00a0FEMENINO<\/strong><\/span><\/p>\n<p><strong>F\u00fatbol Femenino<\/strong><br \/>\n<strong>Primera<\/strong><br \/>\n<strong>Cer\u00e1mica 0.<\/strong><br \/>\n<strong>El Tim\u00f3n 2:<\/strong> Emilia Mu\u00f1oz 2.<br \/>\n<a href=\"https:\/\/ligamercedina.com\/web\/wp-content\/uploads\/2025\/10\/Femenino-Primera-1-1.jpg\"><img loading=\"lazy\" decoding=\"async\" class=\"aligncenter size-full wp-image-39802\" src=\"https:\/\/ligamercedina.com\/web\/wp-content\/uploads\/2025\/10\/Femenino-Primera-1-1.jpg\" alt=\"\" width=\"640\" height=\"312\" srcset=\"https:\/\/ligamercedina.com\/web\/wp-content\/uploads\/2025\/10\/Femenino-Primera-1-1.jpg 640w, https:\/\/ligamercedina.com\/web\/wp-content\/uploads\/2025\/10\/Femenino-Primera-1-1-300x146.jpg 300w\" sizes=\"auto, (max-width: 640px) 100vw, 640px\" \/><\/a><strong>Sub 12<\/strong><br \/>\n<strong>Palometas Blanco 1.<\/strong><br \/>\n<strong>Palometas Bord\u00f3 0.<\/strong><\/p>\n<p>Sub 16<br \/>\nDefensores 5: Sof\u00eda Caparroz 2, Valentina Pereyra 2 y Darianna Escaloma.<strong><br \/>\nEstudiantes 1:\u00a0<\/strong>Agustina Guiarducci.<\/p>\n","protected":false},"excerpt":{"rendered":"<p>PRIMERA Defensores 1: Braian Lucero. Trocha 2: Mauro Sigona 2. Mercedes 2: Mateo Blanco y Franco Torres. Quilmes 0. Villa Manchi 0. El Front\u00f3n 0. RESERVA Villa Manchi 0. El Front\u00f3n 1: Mat\u00edas Molina. Mercedes 4: Juan Rubbo Respuela, Juan Spaks, Tob\u00edas Mc Cormack y Marino Silva. Quilmes 1: Samuel Borja. \u00a0 \u00a0 \u00a0 \u00a0 \u00a0 \u00a0 \u00a0 \u00a0 \u00a0<\/p>\n","protected":false},"author":2,"featured_media":0,"comment_status":"open","ping_status":"open","sticky":false,"template":"","format":"standard","meta":{"footnotes":""},"categories":[4],"tags":[114],"class_list":["post-39747","post","type-post","status-publish","format-standard","hentry","category-informaciongeneral","tag-liga-mercedina-de-futbol"],"_links":{"self":[{"href":"https:\/\/ligamercedina.com\/web\/wp-json\/wp\/v2\/posts\/39747","targetHints":{"allow":["GET"]}}],"collection":[{"href":"https:\/\/ligamercedina.com\/web\/wp-json\/wp\/v2\/posts"}],"about":[{"href":"https:\/\/ligamercedina.com\/web\/wp-json\/wp\/v2\/types\/post"}],"author":[{"embeddable":true,"href":"https:\/\/ligamercedina.com\/web\/wp-json\/wp\/v2\/users\/2"}],"replies":[{"embeddable":true,"href":"https:\/\/ligamercedina.com\/web\/wp-json\/wp\/v2\/comments?post=39747"}],"version-history":[{"count":12,"href":"https:\/\/ligamercedina.com\/web\/wp-json\/wp\/v2\/posts\/39747\/revisions"}],"predecessor-version":[{"id":39821,"href":"https:\/\/ligamercedina.com\/web\/wp-json\/wp\/v2\/posts\/39747\/revisions\/39821"}],"wp:attachment":[{"href":"https:\/\/ligamercedina.com\/web\/wp-json\/wp\/v2\/media?parent=39747"}],"wp:term":[{"taxonomy":"category","embeddable":true,"href":"https:\/\/ligamercedina.com\/web\/wp-json\/wp\/v2\/categories?post=39747"},{"taxonomy":"post_tag","embeddable":true,"href":"https:\/\/ligamercedina.com\/web\/wp-json\/wp\/v2\/tags?post=39747"}],"curies":[{"name":"wp","href":"https:\/\/api.w.org\/{rel}","templated":true}]}}