{"id":39732,"date":"2025-10-12T21:58:26","date_gmt":"2025-10-13T00:58:26","guid":{"rendered":"https:\/\/ligamercedina.com\/web\/?p=39732"},"modified":"2025-10-12T21:58:26","modified_gmt":"2025-10-13T00:58:26","slug":"futbol-femenino-octava-fecha-de-primera","status":"publish","type":"post","link":"https:\/\/ligamercedina.com\/web\/futbol-femenino-octava-fecha-de-primera\/","title":{"rendered":"F\u00fatbol Femenino &#8211; octava fecha de Primera"},"content":{"rendered":"<p><strong><a href=\"https:\/\/ligamercedina.com\/web\/wp-content\/uploads\/2025\/10\/IMG_1610-scaled.jpg\"><img loading=\"lazy\" decoding=\"async\" class=\"aligncenter size-large wp-image-39733\" src=\"https:\/\/ligamercedina.com\/web\/wp-content\/uploads\/2025\/10\/IMG_1610-1024x683.jpg\" alt=\"\" width=\"860\" height=\"574\" srcset=\"https:\/\/ligamercedina.com\/web\/wp-content\/uploads\/2025\/10\/IMG_1610-1024x683.jpg 1024w, https:\/\/ligamercedina.com\/web\/wp-content\/uploads\/2025\/10\/IMG_1610-300x200.jpg 300w, https:\/\/ligamercedina.com\/web\/wp-content\/uploads\/2025\/10\/IMG_1610-768x512.jpg 768w, https:\/\/ligamercedina.com\/web\/wp-content\/uploads\/2025\/10\/IMG_1610-1536x1024.jpg 1536w, https:\/\/ligamercedina.com\/web\/wp-content\/uploads\/2025\/10\/IMG_1610-2048x1365.jpg 2048w\" sizes=\"auto, (max-width: 860px) 100vw, 860px\" \/><\/a><br \/>\nEl Tim\u00f3n 1:<\/strong> Emilia Mu\u00f1oz.<br \/>\n<strong>Pabell\u00f3n 2:<\/strong> Noelia Molina y Valentina Pereyra.<\/p>\n<p><strong>Defensores 2:<\/strong> Cintia Aranda y Morena Garc\u00eda.<br \/>\n<strong>Club Mercedes 2:<\/strong> Lola Patrone 2.<\/p>\n<p><strong>Palometas 3:<\/strong> Micaela Br\u00edtez, Jorgelina Landini y Gabriela L\u00f3pez Camelo.<br \/>\n<strong>El Front\u00f3n 1:<\/strong> Daniela Cano.<\/p>\n<p><strong>Trocha 4:<\/strong> Branda Ricchini 2 y Adriana Forti 2.<br \/>\n<strong>Social y Deportivo Nicol\u00e1s 0<\/strong>.<\/p>\n<p><a href=\"https:\/\/ligamercedina.com\/web\/wp-content\/uploads\/2025\/10\/Femenino-Primera-1.jpg\"><img loading=\"lazy\" decoding=\"async\" class=\"aligncenter size-full wp-image-39734\" src=\"https:\/\/ligamercedina.com\/web\/wp-content\/uploads\/2025\/10\/Femenino-Primera-1.jpg\" alt=\"\" width=\"640\" height=\"307\" srcset=\"https:\/\/ligamercedina.com\/web\/wp-content\/uploads\/2025\/10\/Femenino-Primera-1.jpg 640w, https:\/\/ligamercedina.com\/web\/wp-content\/uploads\/2025\/10\/Femenino-Primera-1-300x144.jpg 300w\" sizes=\"auto, (max-width: 640px) 100vw, 640px\" \/><\/a><\/p>\n","protected":false},"excerpt":{"rendered":"<p>El Tim\u00f3n 1: Emilia Mu\u00f1oz. Pabell\u00f3n 2: Noelia Molina y Valentina Pereyra. Defensores 2: Cintia Aranda y Morena Garc\u00eda. Club Mercedes 2: Lola Patrone 2. Palometas 3: Micaela Br\u00edtez, Jorgelina Landini y Gabriela L\u00f3pez Camelo. El Front\u00f3n 1: Daniela Cano. Trocha 4: Branda Ricchini 2 y Adriana Forti 2. Social y Deportivo Nicol\u00e1s 0.<\/p>\n","protected":false},"author":2,"featured_media":0,"comment_status":"open","ping_status":"open","sticky":false,"template":"","format":"standard","meta":{"footnotes":""},"categories":[4],"tags":[124,114,15],"class_list":["post-39732","post","type-post","status-publish","format-standard","hentry","category-informaciongeneral","tag-futbol-femenino","tag-liga-mercedina-de-futbol","tag-primera-division"],"_links":{"self":[{"href":"https:\/\/ligamercedina.com\/web\/wp-json\/wp\/v2\/posts\/39732","targetHints":{"allow":["GET"]}}],"collection":[{"href":"https:\/\/ligamercedina.com\/web\/wp-json\/wp\/v2\/posts"}],"about":[{"href":"https:\/\/ligamercedina.com\/web\/wp-json\/wp\/v2\/types\/post"}],"author":[{"embeddable":true,"href":"https:\/\/ligamercedina.com\/web\/wp-json\/wp\/v2\/users\/2"}],"replies":[{"embeddable":true,"href":"https:\/\/ligamercedina.com\/web\/wp-json\/wp\/v2\/comments?post=39732"}],"version-history":[{"count":1,"href":"https:\/\/ligamercedina.com\/web\/wp-json\/wp\/v2\/posts\/39732\/revisions"}],"predecessor-version":[{"id":39735,"href":"https:\/\/ligamercedina.com\/web\/wp-json\/wp\/v2\/posts\/39732\/revisions\/39735"}],"wp:attachment":[{"href":"https:\/\/ligamercedina.com\/web\/wp-json\/wp\/v2\/media?parent=39732"}],"wp:term":[{"taxonomy":"category","embeddable":true,"href":"https:\/\/ligamercedina.com\/web\/wp-json\/wp\/v2\/categories?post=39732"},{"taxonomy":"post_tag","embeddable":true,"href":"https:\/\/ligamercedina.com\/web\/wp-json\/wp\/v2\/tags?post=39732"}],"curies":[{"name":"wp","href":"https:\/\/api.w.org\/{rel}","templated":true}]}}