{"id":397,"date":"2008-04-12T18:19:52","date_gmt":"2008-04-12T21:19:52","guid":{"rendered":"https:\/\/ligamercedina.com\/?p=397"},"modified":"2008-04-12T18:19:52","modified_gmt":"2008-04-12T21:19:52","slug":"resultados-del-futbol-infantil","status":"publish","type":"post","link":"https:\/\/ligamercedina.com\/web\/resultados-del-futbol-infantil\/","title":{"rendered":"RESULTADOS DEL SABADO"},"content":{"rendered":"<p><strong>FUTBOL INFANTIL<\/strong><\/p>\n<p><strong>CATEGOR\u00cdA 99<\/strong><br \/>\nJuventud: -0-:<br \/>\nQuilmes: -2-; Joaqu\u00edn Pedeuboy y Joaqu\u00edn Ponti<\/p>\n<p>V\u00e9lez: -2-: Cristian Aguero (2)<br \/>\nComunicaciones: -0-<\/p>\n<p><strong>CATEGORIA 98<\/strong><br \/>\nJuventud: -1-; Braian V\u00e1zquez<br \/>\nEstudiantes: -3-; Lucas Gallo (2) y Dami\u00e1n Mansilla<\/p>\n<p>V\u00e9lez: -4-: Fabricio Chaparro (2), Luis Islas y Yoel Lescano<br \/>\nComunicaciones: -0-<\/p>\n<p><strong>CATEGORIA 97<\/strong><br \/>\nUni\u00f3n: -0-: Leonardo P\u00e9rez<br \/>\nComunicaciones: -1-;<\/p>\n<p>Mercedes: -3-: Franco Irusta, Santiago Liegl y Ramiro Roa<br \/>\nEstudiantes: -2-: Franco Olivieri y Francisco Valle<\/p>\n<p><strong>CATEGORIA 96<\/strong><br \/>\nV\u00e9lez: -2-;  Iv\u00e1n Quevedo(2)<br \/>\nComunicaciones: -2-; Enzo Mendoza y Jonatan Niz<\/p>\n<p>Mercedes: -4-; Ricardo Coria, Franco Gatti y Rodrigo Torres (2)<br \/>\nEstudiantes: -1-;  Leandro Lucero<\/p>\n<p><strong>CATEGORIA 95<\/strong><br \/>\nV\u00e9lez: -1-; Luis Centeno<br \/>\nComunicaciones: -0-;<\/p>\n<p>Juventud: -0-<br \/>\nEstudiantes: -0-<\/p>\n<p><strong>CATEGORIA 94<\/strong><br \/>\nV\u00e9lez: 4-: Andr\u00e9s Climi\u00f1o (2), Lucas Coletta (2) y  Adri\u00e1n Natale<br \/>\nComunicaciones: -1-; Gonzalo Chaparro<\/p>\n<p>Mercedes: -3-; Nicol\u00e1s Bertaina, Mart\u00edn Chapouville y Bautista Neyra<br \/>\nEstudiantes: -1-; Lucas Huinchinau<\/p>\n<p><strong>CATEGORIA 93<\/strong><br \/>\nV\u00e9lez: -4-; Gabriel D\u00edaz, Daniel Jara, Mat\u00edas Mazza y Facundo Ort\u00edz<br \/>\nComunicaciones: -0-:<\/p>\n<p>Mercedes: -2-; Santiago Domenget y Mat\u00edas Meriles<br \/>\nEstudiantes: -2-; Lucas Bacigalupo y Nicol\u00e1s Ledesma<\/p>\n<p><strong>CATEGORIA 92-91<\/strong><br \/>\nV\u00e9lez: -3-: Lucas Atampi (2) y Blas Cobucho<br \/>\nComunicaciones: -1-; Daniel Talabera<\/p>\n<p>Juventud: -1-; Mart\u00edn Potes<br \/>\nEstudiantes: -0-<\/p>\n<blockquote><p><strong>PRIMERA DIVISION<\/strong><\/p>\n<p>SAN JOSE: -1-<br \/>\nCOMUNICACIONES: -0-<\/p>\n<p>PABELLON ARGENTINO: -4-<br \/>\nUNION DE M. PAZ: -0-<\/p>\n<p>ESTUDIANTES: -3-<br \/>\nVELEZ: -1-<\/p>\n<p>CRUZADOS FC: -6-<br \/>\nJUVENTUD: -2-<\/p>\n<p>PALOMETAS: -1-<br \/>\nQUILMES: -0-<\/p>\n<p>MERCEDES: -1-<br \/>\nATENEO: -0-. Partido suspendido 32&#8242; ST por agresi\u00f3n al juez de l\u00ednea<\/p><\/blockquote>\n<blockquote><p><strong>TERCERA DIVISION<\/strong><\/p>\n<p>VELEZ: -1-<br \/>\nQUILMES: -0-<\/p>\n<p>CRUZADOS FC: -2-<br \/>\nCOMUNICACIONES: -1-<\/p>\n<p>ATENEO: -1-<br \/>\nESTUDIANTES: -1-<\/p>\n<p>SAN JOSE: -0-<br \/>\nPALOMETAS: -1-<\/p>\n<p>JUVENTUD: -2-<br \/>\nCLUB MERCEDES: -2-<\/p><\/blockquote>\n","protected":false},"excerpt":{"rendered":"<p>FUTBOL INFANTIL CATEGOR\u00cdA 99 Juventud: -0-: Quilmes: -2-; Joaqu\u00edn Pedeuboy y Joaqu\u00edn Ponti V\u00e9lez: -2-: Cristian Aguero (2) Comunicaciones: -0- CATEGORIA 98 Juventud: -1-; Braian V\u00e1zquez Estudiantes: -3-; Lucas Gallo (2) y Dami\u00e1n Mansilla V\u00e9lez: -4-: Fabricio Chaparro (2), Luis Islas y Yoel Lescano Comunicaciones: -0- CATEGORIA 97 Uni\u00f3n: -0-: Leonardo P\u00e9rez Comunicaciones: -1-; Mercedes: -3-: Franco Irusta, Santiago Liegl<\/p>\n","protected":false},"author":1,"featured_media":0,"comment_status":"open","ping_status":"open","sticky":false,"template":"","format":"standard","meta":{"footnotes":""},"categories":[4],"tags":[],"class_list":["post-397","post","type-post","status-publish","format-standard","hentry","category-informaciongeneral"],"_links":{"self":[{"href":"https:\/\/ligamercedina.com\/web\/wp-json\/wp\/v2\/posts\/397","targetHints":{"allow":["GET"]}}],"collection":[{"href":"https:\/\/ligamercedina.com\/web\/wp-json\/wp\/v2\/posts"}],"about":[{"href":"https:\/\/ligamercedina.com\/web\/wp-json\/wp\/v2\/types\/post"}],"author":[{"embeddable":true,"href":"https:\/\/ligamercedina.com\/web\/wp-json\/wp\/v2\/users\/1"}],"replies":[{"embeddable":true,"href":"https:\/\/ligamercedina.com\/web\/wp-json\/wp\/v2\/comments?post=397"}],"version-history":[{"count":0,"href":"https:\/\/ligamercedina.com\/web\/wp-json\/wp\/v2\/posts\/397\/revisions"}],"wp:attachment":[{"href":"https:\/\/ligamercedina.com\/web\/wp-json\/wp\/v2\/media?parent=397"}],"wp:term":[{"taxonomy":"category","embeddable":true,"href":"https:\/\/ligamercedina.com\/web\/wp-json\/wp\/v2\/categories?post=397"},{"taxonomy":"post_tag","embeddable":true,"href":"https:\/\/ligamercedina.com\/web\/wp-json\/wp\/v2\/tags?post=397"}],"curies":[{"name":"wp","href":"https:\/\/api.w.org\/{rel}","templated":true}]}}