{"id":3964,"date":"2010-07-19T00:26:43","date_gmt":"2010-07-19T03:26:43","guid":{"rendered":"https:\/\/ligamercedina.com\/?p=3964"},"modified":"2010-07-19T00:26:43","modified_gmt":"2010-07-19T03:26:43","slug":"hoy-lunes-reunion-de-dirigentes-en-club-estudiantes","status":"publish","type":"post","link":"https:\/\/ligamercedina.com\/web\/hoy-lunes-reunion-de-dirigentes-en-club-estudiantes\/","title":{"rendered":"HOY LUNES, REUNION DE DIRIGENTES EN CLUB ESTUDIANTES"},"content":{"rendered":"<p>Para hoy lunes 19 de julio, la Comisi\u00f3n Directiva de la Liga Mercedina convoca a una reuni\u00f3n a los representantes de las distintas instituciones, la cual se desarrollar\u00e1 desde las 19:45 horas en sede del Campo de Deportes de Club Estudiantes ubicado.<br \/>\nEn tal sentido para tal evento se invita a participar al Presidente y al delegado titular de cada instituci\u00f3n, para tratar el siguiente ORDEN DEL DIA:<\/p>\n<p><strong>1)<\/strong> Proclamaci\u00f3n campeones del F\u00fatbol Infanto Juvenil<br \/>\n<strong>2)<\/strong> Votaci\u00f3n a la propuesta presentada oportunamente por Club Estudiantes<br \/>\n<strong>3)<\/strong> Rendici\u00f3n de Torneo de Escuelitas de F\u00fatbol<br \/>\n<strong>4)<\/strong> Resultados de reuni\u00f3n de la Federaci\u00f3n Norte de F\u00fatbol a realizarse este s\u00e1bado 17 de julio en la ciudad de San Nicol\u00e1s.<br \/>\n<strong>5)<\/strong> Notas Ingresadas.<br \/>\n<strong>6)<\/strong> Tesorer\u00eda y Comunicaciones<\/p>\n<p>* Posteriormente se realizar\u00e1 una reuni\u00f3n entre dirigentes y el Instructor del S.A.D.R.A. Norberto Wolkoff, sobre la conformaci\u00f3n de la Escuela de Arbitros.<\/p>\n<p>* Asimismo se informa que en virtud de la realizaci\u00f3n de esta reuni\u00f3n, la Secretar\u00eda de la Liga permanecer\u00e1 cerrada durante el lunes.<\/p>\n","protected":false},"excerpt":{"rendered":"<p>Para hoy lunes 19 de julio, la Comisi\u00f3n Directiva de la Liga Mercedina convoca a una reuni\u00f3n a los representantes de las distintas instituciones, la cual se desarrollar\u00e1 desde las 19:45 horas en sede del Campo de Deportes de Club Estudiantes ubicado. En tal sentido para tal evento se invita a participar al Presidente y al delegado titular de cada<\/p>\n","protected":false},"author":1,"featured_media":0,"comment_status":"open","ping_status":"open","sticky":false,"template":"","format":"standard","meta":{"footnotes":""},"categories":[4],"tags":[],"class_list":["post-3964","post","type-post","status-publish","format-standard","hentry","category-informaciongeneral"],"_links":{"self":[{"href":"https:\/\/ligamercedina.com\/web\/wp-json\/wp\/v2\/posts\/3964","targetHints":{"allow":["GET"]}}],"collection":[{"href":"https:\/\/ligamercedina.com\/web\/wp-json\/wp\/v2\/posts"}],"about":[{"href":"https:\/\/ligamercedina.com\/web\/wp-json\/wp\/v2\/types\/post"}],"author":[{"embeddable":true,"href":"https:\/\/ligamercedina.com\/web\/wp-json\/wp\/v2\/users\/1"}],"replies":[{"embeddable":true,"href":"https:\/\/ligamercedina.com\/web\/wp-json\/wp\/v2\/comments?post=3964"}],"version-history":[{"count":0,"href":"https:\/\/ligamercedina.com\/web\/wp-json\/wp\/v2\/posts\/3964\/revisions"}],"wp:attachment":[{"href":"https:\/\/ligamercedina.com\/web\/wp-json\/wp\/v2\/media?parent=3964"}],"wp:term":[{"taxonomy":"category","embeddable":true,"href":"https:\/\/ligamercedina.com\/web\/wp-json\/wp\/v2\/categories?post=3964"},{"taxonomy":"post_tag","embeddable":true,"href":"https:\/\/ligamercedina.com\/web\/wp-json\/wp\/v2\/tags?post=3964"}],"curies":[{"name":"wp","href":"https:\/\/api.w.org\/{rel}","templated":true}]}}