{"id":39612,"date":"2025-10-04T21:25:24","date_gmt":"2025-10-05T00:25:24","guid":{"rendered":"https:\/\/ligamercedina.com\/web\/?p=39612"},"modified":"2025-10-05T19:30:01","modified_gmt":"2025-10-05T22:30:01","slug":"segunda-division-quinta-fecha-clausura","status":"publish","type":"post","link":"https:\/\/ligamercedina.com\/web\/segunda-division-quinta-fecha-clausura\/","title":{"rendered":"Segunda Divisi\u00f3n -quinta fecha &#8211; Clausura"},"content":{"rendered":"<p><strong>Deportivo Gowland 0<\/strong>.<br \/>\n<strong>All Haz 2:<\/strong> Gonzalo Mercado Lazatt 2.<\/p>\n<p><strong>San Bernardo 1:<\/strong> Iv\u00e1n Amdor.<br \/>\n<strong>Uni\u00f3n 2:<\/strong> Nicol\u00e1s P\u00e9rez y Diego castro.<\/p>\n<p>&nbsp;<\/p>\n","protected":false},"excerpt":{"rendered":"<p>Deportivo Gowland 0. All Haz 2: Gonzalo Mercado Lazatt 2. San Bernardo 1: Iv\u00e1n Amdor. Uni\u00f3n 2: Nicol\u00e1s P\u00e9rez y Diego castro. &nbsp;<\/p>\n","protected":false},"author":2,"featured_media":0,"comment_status":"open","ping_status":"open","sticky":false,"template":"","format":"standard","meta":{"footnotes":""},"categories":[4],"tags":[114,122],"class_list":["post-39612","post","type-post","status-publish","format-standard","hentry","category-informaciongeneral","tag-liga-mercedina-de-futbol","tag-segunda-division-a"],"_links":{"self":[{"href":"https:\/\/ligamercedina.com\/web\/wp-json\/wp\/v2\/posts\/39612","targetHints":{"allow":["GET"]}}],"collection":[{"href":"https:\/\/ligamercedina.com\/web\/wp-json\/wp\/v2\/posts"}],"about":[{"href":"https:\/\/ligamercedina.com\/web\/wp-json\/wp\/v2\/types\/post"}],"author":[{"embeddable":true,"href":"https:\/\/ligamercedina.com\/web\/wp-json\/wp\/v2\/users\/2"}],"replies":[{"embeddable":true,"href":"https:\/\/ligamercedina.com\/web\/wp-json\/wp\/v2\/comments?post=39612"}],"version-history":[{"count":2,"href":"https:\/\/ligamercedina.com\/web\/wp-json\/wp\/v2\/posts\/39612\/revisions"}],"predecessor-version":[{"id":39632,"href":"https:\/\/ligamercedina.com\/web\/wp-json\/wp\/v2\/posts\/39612\/revisions\/39632"}],"wp:attachment":[{"href":"https:\/\/ligamercedina.com\/web\/wp-json\/wp\/v2\/media?parent=39612"}],"wp:term":[{"taxonomy":"category","embeddable":true,"href":"https:\/\/ligamercedina.com\/web\/wp-json\/wp\/v2\/categories?post=39612"},{"taxonomy":"post_tag","embeddable":true,"href":"https:\/\/ligamercedina.com\/web\/wp-json\/wp\/v2\/tags?post=39612"}],"curies":[{"name":"wp","href":"https:\/\/api.w.org\/{rel}","templated":true}]}}