{"id":39609,"date":"2025-10-04T21:22:20","date_gmt":"2025-10-05T00:22:20","guid":{"rendered":"https:\/\/ligamercedina.com\/web\/?p=39609"},"modified":"2025-10-05T10:01:38","modified_gmt":"2025-10-05T13:01:38","slug":"primera-quinta-fecha-clausura","status":"publish","type":"post","link":"https:\/\/ligamercedina.com\/web\/primera-quinta-fecha-clausura\/","title":{"rendered":"Primera &#8211; quinta fecha &#8211; Clausura"},"content":{"rendered":"<p><strong>Jorge Newbery 3:<\/strong> El\u00edas Belmarque, Mateo Cano y Joel Molina.<br \/>\n<strong>Atl\u00e9tico Rodr\u00edguez 1:<\/strong> Lucas Bergalli.<\/p>\n<p><strong>Pabell\u00f3n 3:<\/strong> Nahuel Fern\u00e1ndez y Bautista Alvarez 2.<br \/>\n<strong>Palometas 1:<\/strong> Felipe Aschero.<\/p>\n<p>&nbsp;<\/p>\n","protected":false},"excerpt":{"rendered":"<p>Jorge Newbery 3: El\u00edas Belmarque, Mateo Cano y Joel Molina. Atl\u00e9tico Rodr\u00edguez 1: Lucas Bergalli. Pabell\u00f3n 3: Nahuel Fern\u00e1ndez y Bautista Alvarez 2. Palometas 1: Felipe Aschero. &nbsp;<\/p>\n","protected":false},"author":2,"featured_media":0,"comment_status":"open","ping_status":"open","sticky":false,"template":"","format":"standard","meta":{"footnotes":""},"categories":[4],"tags":[114,121],"class_list":["post-39609","post","type-post","status-publish","format-standard","hentry","category-informaciongeneral","tag-liga-mercedina-de-futbol","tag-primera-division-a"],"_links":{"self":[{"href":"https:\/\/ligamercedina.com\/web\/wp-json\/wp\/v2\/posts\/39609","targetHints":{"allow":["GET"]}}],"collection":[{"href":"https:\/\/ligamercedina.com\/web\/wp-json\/wp\/v2\/posts"}],"about":[{"href":"https:\/\/ligamercedina.com\/web\/wp-json\/wp\/v2\/types\/post"}],"author":[{"embeddable":true,"href":"https:\/\/ligamercedina.com\/web\/wp-json\/wp\/v2\/users\/2"}],"replies":[{"embeddable":true,"href":"https:\/\/ligamercedina.com\/web\/wp-json\/wp\/v2\/comments?post=39609"}],"version-history":[{"count":5,"href":"https:\/\/ligamercedina.com\/web\/wp-json\/wp\/v2\/posts\/39609\/revisions"}],"predecessor-version":[{"id":39622,"href":"https:\/\/ligamercedina.com\/web\/wp-json\/wp\/v2\/posts\/39609\/revisions\/39622"}],"wp:attachment":[{"href":"https:\/\/ligamercedina.com\/web\/wp-json\/wp\/v2\/media?parent=39609"}],"wp:term":[{"taxonomy":"category","embeddable":true,"href":"https:\/\/ligamercedina.com\/web\/wp-json\/wp\/v2\/categories?post=39609"},{"taxonomy":"post_tag","embeddable":true,"href":"https:\/\/ligamercedina.com\/web\/wp-json\/wp\/v2\/tags?post=39609"}],"curies":[{"name":"wp","href":"https:\/\/api.w.org\/{rel}","templated":true}]}}