{"id":3952,"date":"2010-07-17T19:36:46","date_gmt":"2010-07-17T22:36:46","guid":{"rendered":"https:\/\/ligamercedina.com\/?p=3952"},"modified":"2010-07-17T19:36:46","modified_gmt":"2010-07-17T22:36:46","slug":"3952","status":"publish","type":"post","link":"https:\/\/ligamercedina.com\/web\/3952\/","title":{"rendered":"CAMPEONES EN EL INFANTO JUVENIL"},"content":{"rendered":"<ul>\n<strong>SE CONSAGRARON<\/strong><\/ul>\n<p>JUVENTUD: CATEGOR\u00cdAS 2001, 2000, 95 Y 93-94<br \/>\nVELEZ SARSFIELD: CATEGOR\u00cdAS 98 Y 97<br \/>\nESTUDIANTES: CATEGOR\u00cdAS 98 Y 96<br \/>\nATENEO: CATEGOR\u00cdA 97<br \/>\nEL FRONTON: CATEGORIA 95<br \/>\nQUILMES: CATEGOR\u00cdA 99<\/p>\n","protected":false},"excerpt":{"rendered":"<p>SE CONSAGRARON JUVENTUD: CATEGOR\u00cdAS 2001, 2000, 95 Y 93-94 VELEZ SARSFIELD: CATEGOR\u00cdAS 98 Y 97 ESTUDIANTES: CATEGOR\u00cdAS 98 Y 96 ATENEO: CATEGOR\u00cdA 97 EL FRONTON: CATEGORIA 95 QUILMES: CATEGOR\u00cdA 99<\/p>\n","protected":false},"author":1,"featured_media":0,"comment_status":"open","ping_status":"open","sticky":false,"template":"","format":"standard","meta":{"footnotes":""},"categories":[4],"tags":[],"class_list":["post-3952","post","type-post","status-publish","format-standard","hentry","category-informaciongeneral"],"_links":{"self":[{"href":"https:\/\/ligamercedina.com\/web\/wp-json\/wp\/v2\/posts\/3952","targetHints":{"allow":["GET"]}}],"collection":[{"href":"https:\/\/ligamercedina.com\/web\/wp-json\/wp\/v2\/posts"}],"about":[{"href":"https:\/\/ligamercedina.com\/web\/wp-json\/wp\/v2\/types\/post"}],"author":[{"embeddable":true,"href":"https:\/\/ligamercedina.com\/web\/wp-json\/wp\/v2\/users\/1"}],"replies":[{"embeddable":true,"href":"https:\/\/ligamercedina.com\/web\/wp-json\/wp\/v2\/comments?post=3952"}],"version-history":[{"count":5,"href":"https:\/\/ligamercedina.com\/web\/wp-json\/wp\/v2\/posts\/3952\/revisions"}],"predecessor-version":[{"id":3958,"href":"https:\/\/ligamercedina.com\/web\/wp-json\/wp\/v2\/posts\/3952\/revisions\/3958"}],"wp:attachment":[{"href":"https:\/\/ligamercedina.com\/web\/wp-json\/wp\/v2\/media?parent=3952"}],"wp:term":[{"taxonomy":"category","embeddable":true,"href":"https:\/\/ligamercedina.com\/web\/wp-json\/wp\/v2\/categories?post=3952"},{"taxonomy":"post_tag","embeddable":true,"href":"https:\/\/ligamercedina.com\/web\/wp-json\/wp\/v2\/tags?post=3952"}],"curies":[{"name":"wp","href":"https:\/\/api.w.org\/{rel}","templated":true}]}}