{"id":39503,"date":"2025-10-02T08:00:54","date_gmt":"2025-10-02T11:00:54","guid":{"rendered":"https:\/\/ligamercedina.com\/web\/?p=39503"},"modified":"2025-10-03T09:21:18","modified_gmt":"2025-10-03T12:21:18","slug":"reserva-clausura-tercera-fecha","status":"publish","type":"post","link":"https:\/\/ligamercedina.com\/web\/reserva-clausura-tercera-fecha\/","title":{"rendered":"Reserva &#8211; Clausura &#8211; tercera fecha"},"content":{"rendered":"<p><span style=\"color: #0000ff;\"><strong>Torneo de Primera<\/strong><\/span><br \/>\n<strong>Trocha 2:<\/strong> Facundo P\u00e9rez y Emiliano Buscalia.<br \/>\n<strong>Quilmes 1:<\/strong> Agust\u00edn Robledo.<!--more--><\/p>\n<p><strong>Defensores 1:<\/strong> Agust\u00edn Villalba.<br \/>\n<strong>El Front\u00f3n 2:<\/strong> Tom\u00e1s G\u00f3mez y Tom\u00e1s Gonz\u00e1lez.<\/p>\n<p><strong>Pabell\u00f3n &#8211; Rodr\u00edguez<\/strong> (la visita no se present\u00f3 a jugar)<\/p>\n<p><strong>Villa Manchi 1:<\/strong> Sergio G\u00f3mez.<br \/>\n<strong>Estudiantes 1:<\/strong> Dylan Amaya.<\/p>\n<p><strong>Palometas 1:<\/strong> Bautista Perruelo.<br \/>\n<strong>Club Mercedes 3:<\/strong> Juan Rubbo Respuela 2 y Franco Taborda.<br \/>\n<a href=\"https:\/\/ligamercedina.com\/web\/wp-content\/uploads\/2025\/10\/Primera-division-A-Reserva-1.jpg\"><img loading=\"lazy\" decoding=\"async\" class=\"aligncenter size-full wp-image-39559\" src=\"https:\/\/ligamercedina.com\/web\/wp-content\/uploads\/2025\/10\/Primera-division-A-Reserva-1.jpg\" alt=\"\" width=\"640\" height=\"427\" srcset=\"https:\/\/ligamercedina.com\/web\/wp-content\/uploads\/2025\/10\/Primera-division-A-Reserva-1.jpg 640w, https:\/\/ligamercedina.com\/web\/wp-content\/uploads\/2025\/10\/Primera-division-A-Reserva-1-300x200.jpg 300w\" sizes=\"auto, (max-width: 640px) 100vw, 640px\" \/><\/a><\/p>\n<p><span style=\"color: #0000ff;\"><strong>Torneo de Segunda<\/strong><\/span><br \/>\n<strong>La Tijera 4:<\/strong> Jos\u00e9 P\u00e1ncera. Rodrigo Ponce 2 y Alejandro Forado.<br \/>\n<strong>Uni\u00f3n 2:<\/strong> Facundo Cardozo y Thiago Far\u00edas.<\/p>\n<p><strong>San Bernardo 1:<\/strong> Santiago Gauna.<br \/>\n<strong>AMEFIP 3:<\/strong> Elio Serrano, Gabriel Dadea y Lautrao.<\/p>\n<p>Deportivo Gowland &#8211; Holanda (pendiente)<br \/>\n<a href=\"https:\/\/ligamercedina.com\/web\/wp-content\/uploads\/2025\/10\/Segunda-division-A-Reserva.jpg\"><img loading=\"lazy\" decoding=\"async\" class=\"aligncenter size-full wp-image-39560\" src=\"https:\/\/ligamercedina.com\/web\/wp-content\/uploads\/2025\/10\/Segunda-division-A-Reserva.jpg\" alt=\"\" width=\"640\" height=\"292\" srcset=\"https:\/\/ligamercedina.com\/web\/wp-content\/uploads\/2025\/10\/Segunda-division-A-Reserva.jpg 640w, https:\/\/ligamercedina.com\/web\/wp-content\/uploads\/2025\/10\/Segunda-division-A-Reserva-300x137.jpg 300w\" sizes=\"auto, (max-width: 640px) 100vw, 640px\" \/><\/a><\/p>\n<p>&nbsp;<\/p>\n","protected":false},"excerpt":{"rendered":"<p>Torneo de Primera Trocha 2: Facundo P\u00e9rez y Emiliano Buscalia. Quilmes 1: Agust\u00edn Robledo.<\/p>\n","protected":false},"author":2,"featured_media":0,"comment_status":"open","ping_status":"open","sticky":false,"template":"","format":"standard","meta":{"footnotes":""},"categories":[4],"tags":[114,123],"class_list":["post-39503","post","type-post","status-publish","format-standard","hentry","category-informaciongeneral","tag-liga-mercedina-de-futbol","tag-reserva"],"_links":{"self":[{"href":"https:\/\/ligamercedina.com\/web\/wp-json\/wp\/v2\/posts\/39503","targetHints":{"allow":["GET"]}}],"collection":[{"href":"https:\/\/ligamercedina.com\/web\/wp-json\/wp\/v2\/posts"}],"about":[{"href":"https:\/\/ligamercedina.com\/web\/wp-json\/wp\/v2\/types\/post"}],"author":[{"embeddable":true,"href":"https:\/\/ligamercedina.com\/web\/wp-json\/wp\/v2\/users\/2"}],"replies":[{"embeddable":true,"href":"https:\/\/ligamercedina.com\/web\/wp-json\/wp\/v2\/comments?post=39503"}],"version-history":[{"count":10,"href":"https:\/\/ligamercedina.com\/web\/wp-json\/wp\/v2\/posts\/39503\/revisions"}],"predecessor-version":[{"id":39561,"href":"https:\/\/ligamercedina.com\/web\/wp-json\/wp\/v2\/posts\/39503\/revisions\/39561"}],"wp:attachment":[{"href":"https:\/\/ligamercedina.com\/web\/wp-json\/wp\/v2\/media?parent=39503"}],"wp:term":[{"taxonomy":"category","embeddable":true,"href":"https:\/\/ligamercedina.com\/web\/wp-json\/wp\/v2\/categories?post=39503"},{"taxonomy":"post_tag","embeddable":true,"href":"https:\/\/ligamercedina.com\/web\/wp-json\/wp\/v2\/tags?post=39503"}],"curies":[{"name":"wp","href":"https:\/\/api.w.org\/{rel}","templated":true}]}}