{"id":39443,"date":"2025-10-02T09:00:22","date_gmt":"2025-10-02T12:00:22","guid":{"rendered":"https:\/\/ligamercedina.com\/web\/?p=39443"},"modified":"2025-10-02T11:13:43","modified_gmt":"2025-10-02T14:13:43","slug":"futbol-femenino-de-primera-sexta-fecha-3","status":"publish","type":"post","link":"https:\/\/ligamercedina.com\/web\/futbol-femenino-de-primera-sexta-fecha-3\/","title":{"rendered":"F\u00fatbol Femenino de Primera &#8211; sexta  y quinta fecha"},"content":{"rendered":"<p><strong><span style=\"color: #0000ff;\">Jugado viernes 26\/9<\/span><\/strong><\/p>\n<p>Palometas 0.<br \/>\n<strong>Cer\u00e1mica 4:<\/strong> Brisa Bai, Francisca Gatti, Bel\u00e9n Gim\u00e9nez y Dalma Mesa.<!--more--><\/p>\n<p><strong><span style=\"color: #0000ff;\">Jugado domingo 28\/9<\/span><\/strong><\/p>\n<p>Social y Deportivo Nicol\u00e1s 0.<br \/>\n<strong>El Front\u00f3n 5:<\/strong> Virginia Maggio 2, Morena Gonz\u00e1lez y Celeste Eduardo y Sof\u00eda Dom\u00ednguez.<\/p>\n<p><span style=\"color: #0000ff;\"><strong>Jugado mi\u00e9rcoles 1\/10<\/strong><\/span><\/p>\n<p><strong>Trocha 1:<\/strong> Brenda Richini.<br \/>\n<strong>Club Mercedes 1:<\/strong> Agustina Vaccarezza.<\/p>\n<p>Pendiente: Defensores vs. Pabell\u00f3n<\/p>\n<p><span style=\"color: #0000ff;\"><strong>Pendiente de la quinta fecha<\/strong><\/span><br \/>\n<strong>Cer\u00e1mica 3:<\/strong> Francesca Gatti, Bel\u00e9n Gim\u00e9nez y Mayl\u00e9n Aguirre.<br \/>\n<strong>Defensores 1:<\/strong> Priscila Garc\u00eda.<br \/>\n<a href=\"https:\/\/ligamercedina.com\/web\/wp-content\/uploads\/2025\/09\/Femenino-Primera-2.jpg\"><img loading=\"lazy\" decoding=\"async\" class=\"aligncenter size-full wp-image-39539\" src=\"https:\/\/ligamercedina.com\/web\/wp-content\/uploads\/2025\/09\/Femenino-Primera-2.jpg\" alt=\"\" width=\"640\" height=\"306\" srcset=\"https:\/\/ligamercedina.com\/web\/wp-content\/uploads\/2025\/09\/Femenino-Primera-2.jpg 640w, https:\/\/ligamercedina.com\/web\/wp-content\/uploads\/2025\/09\/Femenino-Primera-2-300x143.jpg 300w\" sizes=\"auto, (max-width: 640px) 100vw, 640px\" \/><\/a><\/p>\n","protected":false},"excerpt":{"rendered":"<p>Jugado viernes 26\/9 Palometas 0. Cer\u00e1mica 4: Brisa Bai, Francisca Gatti, Bel\u00e9n Gim\u00e9nez y Dalma Mesa.<\/p>\n","protected":false},"author":2,"featured_media":0,"comment_status":"open","ping_status":"open","sticky":false,"template":"","format":"standard","meta":{"footnotes":""},"categories":[4],"tags":[124,114],"class_list":["post-39443","post","type-post","status-publish","format-standard","hentry","category-informaciongeneral","tag-futbol-femenino","tag-liga-mercedina-de-futbol"],"_links":{"self":[{"href":"https:\/\/ligamercedina.com\/web\/wp-json\/wp\/v2\/posts\/39443","targetHints":{"allow":["GET"]}}],"collection":[{"href":"https:\/\/ligamercedina.com\/web\/wp-json\/wp\/v2\/posts"}],"about":[{"href":"https:\/\/ligamercedina.com\/web\/wp-json\/wp\/v2\/types\/post"}],"author":[{"embeddable":true,"href":"https:\/\/ligamercedina.com\/web\/wp-json\/wp\/v2\/users\/2"}],"replies":[{"embeddable":true,"href":"https:\/\/ligamercedina.com\/web\/wp-json\/wp\/v2\/comments?post=39443"}],"version-history":[{"count":9,"href":"https:\/\/ligamercedina.com\/web\/wp-json\/wp\/v2\/posts\/39443\/revisions"}],"predecessor-version":[{"id":39546,"href":"https:\/\/ligamercedina.com\/web\/wp-json\/wp\/v2\/posts\/39443\/revisions\/39546"}],"wp:attachment":[{"href":"https:\/\/ligamercedina.com\/web\/wp-json\/wp\/v2\/media?parent=39443"}],"wp:term":[{"taxonomy":"category","embeddable":true,"href":"https:\/\/ligamercedina.com\/web\/wp-json\/wp\/v2\/categories?post=39443"},{"taxonomy":"post_tag","embeddable":true,"href":"https:\/\/ligamercedina.com\/web\/wp-json\/wp\/v2\/tags?post=39443"}],"curies":[{"name":"wp","href":"https:\/\/api.w.org\/{rel}","templated":true}]}}