{"id":394,"date":"2008-04-11T17:28:22","date_gmt":"2008-04-11T20:28:22","guid":{"rendered":"https:\/\/ligamercedina.com\/?p=394"},"modified":"2008-04-11T17:28:22","modified_gmt":"2008-04-11T20:28:22","slug":"el-futbol-de-la-liga-se-vive-en-los-medios-televisivos-locales","status":"publish","type":"post","link":"https:\/\/ligamercedina.com\/web\/el-futbol-de-la-liga-se-vive-en-los-medios-televisivos-locales\/","title":{"rendered":"EL FUTBOL DE LA LIGA SE VIVE EN LOS MEDIOS TELEVISIVOS LOCALES"},"content":{"rendered":"<blockquote><p><strong>Si bien en los \u00faltimos tiempos la cantidad de gente que asiste a los espect\u00e1culos deportivos ha deca\u00eddo en cuanto a su n\u00famero, los medios period\u00edsticos locales han apostado al f\u00fatbol oficial de nuestra ciudad. Y a\u00fan hoy, siguen acompa\u00f1ando cada uno de los cert\u00e1menes que se organizan.<br \/>\nUno de los casos tiene que ver con la televisi\u00f3n; Desde hace ya alg\u00fan tiempo, el programa Tiempo Suplementario viene emitiendo las aternativas de los campeonatos, haci\u00e9ndolo siempre en algunos de las dos se\u00f1ales de cable que existen en nuestro medio.<br \/>\nHoy lo hacen en Tele Red, con un equipo period\u00edstico conformado entre otros por Luis Canessa, N\u00e9stor Dova y Juan Pablo D\u00edaz, todos ellos bajo una producci\u00f3n de Carlos Palazzo. Lunes y viernes de 22 a 23 emiten su programa, y durante la semana se emiten partidos del fin de semana.<\/p>\n<p>Y desde este fin de semana, y despu\u00e9s de varios a\u00f1os de no suceder, los dos canales tendr\u00e1n f\u00fatbol de Primera, ya que tambi\u00e9n Multicanal ha decidido seguir la actualidad del certamen mayor.<br \/>\nEn este caso, se trata de \u00abEl Partido de la Fecha\u00bb. Todos los domingos, de 20 a 22 horas se pondr\u00e1 en el aire el partido m\u00e1s importante de la fecha, con los relatos de Esteban Marcelo y los comentarios de Juan Dagnino.<\/p>\n<p>Por otra parte el resto de los medios tambi\u00e9n dan importantes espacios al f\u00fatbol local se\u00f1alando entre otros: Diario La Hora: Diario El Oeste; Semanario Protagonistas; Semanario Nuevo Cronista; www.noticiasmercedinas.com; www.laopiniondemercedes.com.ar; y diferentes programas radiales<\/strong><\/p><\/blockquote>\n<p>.<\/p>\n","protected":false},"excerpt":{"rendered":"<p>Si bien en los \u00faltimos tiempos la cantidad de gente que asiste a los espect\u00e1culos deportivos ha deca\u00eddo en cuanto a su n\u00famero, los medios period\u00edsticos locales han apostado al f\u00fatbol oficial de nuestra ciudad. Y a\u00fan hoy, siguen acompa\u00f1ando cada uno de los cert\u00e1menes que se organizan. Uno de los casos tiene que ver con la televisi\u00f3n; Desde hace<\/p>\n","protected":false},"author":1,"featured_media":0,"comment_status":"open","ping_status":"open","sticky":false,"template":"","format":"standard","meta":{"footnotes":""},"categories":[4],"tags":[],"class_list":["post-394","post","type-post","status-publish","format-standard","hentry","category-informaciongeneral"],"_links":{"self":[{"href":"https:\/\/ligamercedina.com\/web\/wp-json\/wp\/v2\/posts\/394","targetHints":{"allow":["GET"]}}],"collection":[{"href":"https:\/\/ligamercedina.com\/web\/wp-json\/wp\/v2\/posts"}],"about":[{"href":"https:\/\/ligamercedina.com\/web\/wp-json\/wp\/v2\/types\/post"}],"author":[{"embeddable":true,"href":"https:\/\/ligamercedina.com\/web\/wp-json\/wp\/v2\/users\/1"}],"replies":[{"embeddable":true,"href":"https:\/\/ligamercedina.com\/web\/wp-json\/wp\/v2\/comments?post=394"}],"version-history":[{"count":0,"href":"https:\/\/ligamercedina.com\/web\/wp-json\/wp\/v2\/posts\/394\/revisions"}],"wp:attachment":[{"href":"https:\/\/ligamercedina.com\/web\/wp-json\/wp\/v2\/media?parent=394"}],"wp:term":[{"taxonomy":"category","embeddable":true,"href":"https:\/\/ligamercedina.com\/web\/wp-json\/wp\/v2\/categories?post=394"},{"taxonomy":"post_tag","embeddable":true,"href":"https:\/\/ligamercedina.com\/web\/wp-json\/wp\/v2\/tags?post=394"}],"curies":[{"name":"wp","href":"https:\/\/api.w.org\/{rel}","templated":true}]}}