{"id":3936,"date":"2010-07-17T18:18:43","date_gmt":"2010-07-17T21:18:43","guid":{"rendered":"https:\/\/ligamercedina.com\/?p=3936"},"modified":"2010-07-17T18:18:43","modified_gmt":"2010-07-17T21:18:43","slug":"resultados-infanto-juvenil-2","status":"publish","type":"post","link":"https:\/\/ligamercedina.com\/web\/resultados-infanto-juvenil-2\/","title":{"rendered":"RESULTADOS INFANTO JUVENIL"},"content":{"rendered":"<ul>\n<strong>ESTUDIANTES Vs. COMUNICACIONES<\/strong><\/ul>\n<p>Categor\u00eda 2001: <strong>0 &#8211; 1<\/strong> (Francisco Ponce)<br \/>\nCategor\u00eda 2000: <strong>1<\/strong> (Juan Virto) &#8211; <strong>3<\/strong> (Nestor Moyano, Enrique Torres, Mart\u00edn Vega)<br \/>\nCategor\u00eda 99: <strong>2<\/strong> (Tom\u00e1s Maldonado, Ramiro Mart\u00ednez) &#8211; <strong>0<\/strong><br \/>\nCategor\u00eda 98: <strong>8<\/strong> (Juan Avila, Agust\u00edn Barrera 2, Nicol\u00e1s Bartolomeo 2, Lucas Gallo 2, Dami\u00e1n Mansilla) &#8211; <strong>0<\/strong><br \/>\nCategor\u00eda 97: <strong>3<\/strong> (Carlos Rossi 3) &#8211; <strong>0<\/strong><br \/>\nCategor\u00eda 96: Comunicaciones no complet\u00f3 el equipo<br \/>\nCategor\u00eda 95: <strong>1<\/strong> (Gonzalo Virto) &#8211; <strong>0<\/strong><br \/>\nCategor\u00eda 94-93: <strong>4<\/strong> (Emanuel G\u00f3mez 2, Javier Avila, Nicol\u00e1s Ledesma) &#8211; <strong>1<\/strong> (Jorge Garabello)<\/p>\n<ul>\n<strong>VELEZ VS. MERCEDES<\/strong><\/ul>\n<p>Categor\u00eda 2001: <strong>2<\/strong> (Ramiro Zeballos 2) &#8211; <strong>0<\/strong><br \/>\nCategor\u00eda 2000: <strong>1<\/strong> (Eduardo Carrizo) &#8211; <strong>0<\/strong><br \/>\nCategor\u00eda 99: <strong>1<\/strong> (Leonardo Chaparro) &#8211; <strong>1<\/strong> (Juan Cabrera)<br \/>\nCategor\u00eda 98: <strong>3<\/strong> (Bruno Cabrera, Luis Islas, Yoel Lescano) &#8211; <strong>0<\/strong><br \/>\nCategor\u00eda 97: <strong>5<\/strong> (Braian Flores, Gustavo Lucero 2, Ramiro Roa, Braian Cardozo) &#8211; <strong>0<\/strong><br \/>\nCategor\u00eda 96: <strong>1<\/strong> (Nicol\u00e1s Ram\u00edrez) &#8211; <strong>3<\/strong> (Ricardo Coria 2, Germ\u00e1n Lucero)<br \/>\nCategor\u00eda 95: <strong>1<\/strong> (Jonatan Duarte) &#8211; <strong>3<\/strong> (Ezequiel Avelar, Rodrigo Montenegro 2)<br \/>\nCategor\u00eda 94-93: <strong>0 &#8211; 2<\/strong> (Thom\u00e1s Schenone, Nicol\u00e1s Bertaina)<\/p>\n<ul>\n<strong>UNI\u00d3N VS. ATENEO<\/strong><\/ul>\n<p>Categor\u00eda 2001: <strong>1<\/strong> (Tom\u00e1s Landeira) &#8211; <strong>0<\/strong><br \/>\nCategor\u00eda 2000: <strong>0 &#8211; 4<\/strong> (Facundo Godoy 2, Joaqu\u00edn R\u00edssola, Gustavo Rosales)<br \/>\nCategor\u00eda 99: <strong>0 &#8211; 7<\/strong> (Mat\u00edas Canziani 2, Francisco Delvento 2, Joaqu\u00edn Mendiola 2, Tom\u00e1s Solivella)<br \/>\nCategor\u00eda 98: <strong>3<\/strong> (Juan Fern\u00e1ndez, Iv\u00e1n Mercado, Valente Zunino) &#8211; <strong>0<\/strong><br \/>\nCategor\u00eda 97: <strong>0 &#8211; 4<\/strong> (Santiago Cendoya, Enzo Medina, Tom\u00e1s Puricelli, Francisco Uncal)<\/p>\n<ul>\n<strong>JUVENTUD VS. EL FRONTON<\/strong><\/ul>\n<p>Categor\u00eda 2001: <strong>5<\/strong> (Esteban Braghi, Sebasti\u00e1n Calabres, Santiago Romagnoli, Esteban Stillisano 2) &#8211; <strong>0<\/strong><br \/>\nCategor\u00eda 2000: <strong>1<\/strong> (Santiago Su\u00e1rez) &#8211; <strong>0<\/strong><br \/>\nCategor\u00eda 99: <strong>1<\/strong> (Eric D\u00edaz) &#8211; <strong>1<\/strong> (Ivo Valli)<br \/>\nCategor\u00eda 98: <strong>2<\/strong> (Pablo Cuenca, Santiago Flynn) &#8211; <strong>1<\/strong> (Ignacio Leiva)<br \/>\nCategor\u00eda 97: <strong>0 &#8211; 0<\/strong><br \/>\nCategor\u00eda 96: <strong>3<\/strong> (Bautista Avila, Maximo Ottonelli 2) &#8211; <strong>2<\/strong> (Santiago Gaynor, Facundo Rossi)<br \/>\nCategor\u00eda 95: <strong>3<\/strong> (Alejo Messia, Luis Novoa, Julian Regojo) &#8211; <strong>1<\/strong> (Ariel Romero)<br \/>\nCategor\u00eda 94-93: <strong>2<\/strong> (Vicente Bernal, Augusto Rachi) &#8211; <strong>2<\/strong> (Federico Grosso 2)<\/p>\n<ul>\n<strong>MERCEDES \u00abA\u00bb VS. QUILMES<\/strong><\/ul>\n<p>Categor\u00eda 2001: <strong>2<\/strong> (Esteban Gonz\u00e1lez, Franco Novo) &#8211; <strong>3<\/strong> (Braian Leguizam\u00f3n, Mauro Ravassa, Fabricio Roth)<br \/>\nCategor\u00eda 2000: <strong>1<\/strong> (Antonio Luther) &#8211; <strong>1<\/strong> (Mat\u00edas L\u00f3pez)<br \/>\nCategor\u00eda 99: <strong>2<\/strong> (Sebasti\u00e1n Esnaola, Nicol\u00e1s Mansilla) &#8211; <strong>2<\/strong> (Blas De los Santos, Braian Climi\u00f1o)<br \/>\nCategor\u00eda 98: <strong>1<\/strong> (Mauro Marinelli) &#8211; <strong>6<\/strong> (Diego Castro, Nicol\u00e1s Maidana 2, Tom\u00e1s Rosales, Joaqu\u00edn Ponti 2)<br \/>\nCategor\u00eda 97: <strong>1<\/strong> (Esteban Bissio) &#8211; <strong>1<\/strong> (Jorge Chen)<br \/>\nCategor\u00eda 96: <strong>3<\/strong> (Agust\u00edn Biggi 2, Facundo Hern\u00e1ndez) &#8211; <strong>1<\/strong> (Tom\u00e1s De Rosas)<br \/>\nCategor\u00eda 95: Quilmes no complet\u00f3 el equipo<br \/>\nCategor\u00eda 94-93: Quilmes no complet\u00f3 el equipo<\/p>\n","protected":false},"excerpt":{"rendered":"<p>ESTUDIANTES Vs. COMUNICACIONES Categor\u00eda 2001: 0 &#8211; 1 (Francisco Ponce) Categor\u00eda 2000: 1 (Juan Virto) &#8211; 3 (Nestor Moyano, Enrique Torres, Mart\u00edn Vega) Categor\u00eda 99: 2 (Tom\u00e1s Maldonado, Ramiro Mart\u00ednez) &#8211; 0 Categor\u00eda 98: 8 (Juan Avila, Agust\u00edn Barrera 2, Nicol\u00e1s Bartolomeo 2, Lucas Gallo 2, Dami\u00e1n Mansilla) &#8211; 0 Categor\u00eda 97: 3 (Carlos Rossi 3) &#8211; 0 Categor\u00eda 96:<\/p>\n","protected":false},"author":1,"featured_media":0,"comment_status":"open","ping_status":"open","sticky":false,"template":"","format":"standard","meta":{"footnotes":""},"categories":[4],"tags":[],"class_list":["post-3936","post","type-post","status-publish","format-standard","hentry","category-informaciongeneral"],"_links":{"self":[{"href":"https:\/\/ligamercedina.com\/web\/wp-json\/wp\/v2\/posts\/3936","targetHints":{"allow":["GET"]}}],"collection":[{"href":"https:\/\/ligamercedina.com\/web\/wp-json\/wp\/v2\/posts"}],"about":[{"href":"https:\/\/ligamercedina.com\/web\/wp-json\/wp\/v2\/types\/post"}],"author":[{"embeddable":true,"href":"https:\/\/ligamercedina.com\/web\/wp-json\/wp\/v2\/users\/1"}],"replies":[{"embeddable":true,"href":"https:\/\/ligamercedina.com\/web\/wp-json\/wp\/v2\/comments?post=3936"}],"version-history":[{"count":9,"href":"https:\/\/ligamercedina.com\/web\/wp-json\/wp\/v2\/posts\/3936\/revisions"}],"predecessor-version":[{"id":3938,"href":"https:\/\/ligamercedina.com\/web\/wp-json\/wp\/v2\/posts\/3936\/revisions\/3938"}],"wp:attachment":[{"href":"https:\/\/ligamercedina.com\/web\/wp-json\/wp\/v2\/media?parent=3936"}],"wp:term":[{"taxonomy":"category","embeddable":true,"href":"https:\/\/ligamercedina.com\/web\/wp-json\/wp\/v2\/categories?post=3936"},{"taxonomy":"post_tag","embeddable":true,"href":"https:\/\/ligamercedina.com\/web\/wp-json\/wp\/v2\/tags?post=3936"}],"curies":[{"name":"wp","href":"https:\/\/api.w.org\/{rel}","templated":true}]}}