{"id":39255,"date":"2025-09-13T08:24:02","date_gmt":"2025-09-13T11:24:02","guid":{"rendered":"https:\/\/ligamercedina.com\/web\/?p=39255"},"modified":"2025-09-15T10:26:56","modified_gmt":"2025-09-15T13:26:56","slug":"resultados-reserva-cuarta-fecha","status":"publish","type":"post","link":"https:\/\/ligamercedina.com\/web\/resultados-reserva-cuarta-fecha\/","title":{"rendered":"Resultados &#8211; Reserva &#8211; cuarta fecha"},"content":{"rendered":"<p><span style=\"color: #0000ff;\"><strong><a href=\"https:\/\/ligamercedina.com\/web\/wp-content\/uploads\/2025\/09\/IMG_0333.jpg\"><img loading=\"lazy\" decoding=\"async\" class=\"aligncenter size-full wp-image-39294\" src=\"https:\/\/ligamercedina.com\/web\/wp-content\/uploads\/2025\/09\/IMG_0333.jpg\" alt=\"\" width=\"640\" height=\"427\" srcset=\"https:\/\/ligamercedina.com\/web\/wp-content\/uploads\/2025\/09\/IMG_0333.jpg 640w, https:\/\/ligamercedina.com\/web\/wp-content\/uploads\/2025\/09\/IMG_0333-300x200.jpg 300w\" sizes=\"auto, (max-width: 640px) 100vw, 640px\" \/><\/a>Torneo de Primera<\/strong><\/span><br \/>\n<strong>Palometas 3:<\/strong> Mateo Corbella, Valentino Fusco y Valent\u00edn Russi.<br \/>\n<strong>Defensores 2:<\/strong> Tob\u00edas Sebastiano y Agust\u00edn Villalba.<!--more--><\/p>\n<p><strong>Quilmes 2:<\/strong> Agust\u00edn Robledo 2.<br \/>\n<strong>V\u00e9lez 2:<\/strong> Thiago Maciel y Hern\u00e1n Recalde.<\/p>\n<p><strong>Estudiantes 3:<\/strong> Franco Fern\u00e1ndez 2 y Mat\u00edas Albanese.<br \/>\n<strong>Jorge Newbery 1:<\/strong> Valentino Oberti.<\/p>\n<p><strong>Atl\u00e9tico Rodr\u00edguez 1:<\/strong> Thom\u00e1s Rodr\u00edguez.<br \/>\n<strong>Villa Manchi 4:<\/strong> Uriel Ventre, Kevin Bra\u00f1as 2 y Tom\u00e1s Alvarez.<\/p>\n<p><strong>Club Mercedes 4:<\/strong> Juan Rubbo Respuela, Juan Rosales 2 y C\u00e9sar San Mart\u00edn.<br \/>\n<strong>Trocha 1:<\/strong> Facundo P\u00e9rez.<\/p>\n<p><strong>El Front\u00f3n 1:<\/strong> Luca Lascano.<br \/>\n<strong>Pabell\u00f3n 3:<\/strong> Bautista Olgiati, Fabricio Graells y M\u00e1ximo Russo.<\/p>\n<p><strong>Juventud 1:<\/strong> Agust\u00edn S\u00e1nchez.<br \/>\n<strong>Carteros 2:<\/strong> Lautaro L\u00f3pez y Braian Ram\u00edrez.<br \/>\n<a href=\"https:\/\/ligamercedina.com\/web\/wp-content\/uploads\/2025\/09\/Primera-division-A-Reserva-2.jpg\"><img loading=\"lazy\" decoding=\"async\" class=\"aligncenter size-full wp-image-39309\" src=\"https:\/\/ligamercedina.com\/web\/wp-content\/uploads\/2025\/09\/Primera-division-A-Reserva-2.jpg\" alt=\"\" width=\"640\" height=\"427\" srcset=\"https:\/\/ligamercedina.com\/web\/wp-content\/uploads\/2025\/09\/Primera-division-A-Reserva-2.jpg 640w, https:\/\/ligamercedina.com\/web\/wp-content\/uploads\/2025\/09\/Primera-division-A-Reserva-2-300x200.jpg 300w\" sizes=\"auto, (max-width: 640px) 100vw, 640px\" \/><\/a><\/p>\n<p><span style=\"color: #0000ff;\"><strong>Torneo de Segunda<\/strong><\/span><br \/>\n<strong>El Tim\u00f3n 3:<\/strong> Juan Lagrecca, Juan Cammareri y Uriel Melo.<br \/>\n<strong>La Tijera 1:<\/strong> N\u00e9stor Novelli.<\/p>\n<p><strong>All Haz 2:<\/strong> Lautaro Letoil y Enzo Rivero.<br \/>\n<strong>San Bernardo 1:<\/strong> Mat\u00edas Guilet.<\/p>\n<p><strong>AMEFIP 2:<\/strong> Enzo Cobuccio 2.<br \/>\n<strong>Gowland 1:<\/strong> Jos\u00e9 Centeno.<br \/>\n<a href=\"https:\/\/ligamercedina.com\/web\/wp-content\/uploads\/2025\/09\/Segunda-division-A-Reserva-1.jpg\"><img loading=\"lazy\" decoding=\"async\" class=\"aligncenter size-full wp-image-39311\" src=\"https:\/\/ligamercedina.com\/web\/wp-content\/uploads\/2025\/09\/Segunda-division-A-Reserva-1.jpg\" alt=\"\" width=\"640\" height=\"292\" srcset=\"https:\/\/ligamercedina.com\/web\/wp-content\/uploads\/2025\/09\/Segunda-division-A-Reserva-1.jpg 640w, https:\/\/ligamercedina.com\/web\/wp-content\/uploads\/2025\/09\/Segunda-division-A-Reserva-1-300x137.jpg 300w\" sizes=\"auto, (max-width: 640px) 100vw, 640px\" \/><\/a><\/p>\n","protected":false},"excerpt":{"rendered":"<p>Torneo de Primera Palometas 3: Mateo Corbella, Valentino Fusco y Valent\u00edn Russi. Defensores 2: Tob\u00edas Sebastiano y Agust\u00edn Villalba.<\/p>\n","protected":false},"author":2,"featured_media":0,"comment_status":"open","ping_status":"open","sticky":false,"template":"","format":"standard","meta":{"footnotes":""},"categories":[4],"tags":[114,123],"class_list":["post-39255","post","type-post","status-publish","format-standard","hentry","category-informaciongeneral","tag-liga-mercedina-de-futbol","tag-reserva"],"_links":{"self":[{"href":"https:\/\/ligamercedina.com\/web\/wp-json\/wp\/v2\/posts\/39255","targetHints":{"allow":["GET"]}}],"collection":[{"href":"https:\/\/ligamercedina.com\/web\/wp-json\/wp\/v2\/posts"}],"about":[{"href":"https:\/\/ligamercedina.com\/web\/wp-json\/wp\/v2\/types\/post"}],"author":[{"embeddable":true,"href":"https:\/\/ligamercedina.com\/web\/wp-json\/wp\/v2\/users\/2"}],"replies":[{"embeddable":true,"href":"https:\/\/ligamercedina.com\/web\/wp-json\/wp\/v2\/comments?post=39255"}],"version-history":[{"count":11,"href":"https:\/\/ligamercedina.com\/web\/wp-json\/wp\/v2\/posts\/39255\/revisions"}],"predecessor-version":[{"id":39317,"href":"https:\/\/ligamercedina.com\/web\/wp-json\/wp\/v2\/posts\/39255\/revisions\/39317"}],"wp:attachment":[{"href":"https:\/\/ligamercedina.com\/web\/wp-json\/wp\/v2\/media?parent=39255"}],"wp:term":[{"taxonomy":"category","embeddable":true,"href":"https:\/\/ligamercedina.com\/web\/wp-json\/wp\/v2\/categories?post=39255"},{"taxonomy":"post_tag","embeddable":true,"href":"https:\/\/ligamercedina.com\/web\/wp-json\/wp\/v2\/tags?post=39255"}],"curies":[{"name":"wp","href":"https:\/\/api.w.org\/{rel}","templated":true}]}}