{"id":39084,"date":"2025-08-30T23:16:55","date_gmt":"2025-08-31T02:16:55","guid":{"rendered":"https:\/\/ligamercedina.com\/web\/?p=39084"},"modified":"2025-09-05T14:06:08","modified_gmt":"2025-09-05T17:06:08","slug":"resultados-de-reserva-primera-fecha-clausura","status":"publish","type":"post","link":"https:\/\/ligamercedina.com\/web\/resultados-de-reserva-primera-fecha-clausura\/","title":{"rendered":"Resultados de Reserva &#8211; Primera fecha Clausura"},"content":{"rendered":"<p><span style=\"color: #0000ff;\"><strong>Torneo de Primera<\/strong><\/span><br \/>\n<strong>Pabell\u00f3n 2:<\/strong> Santiago Hourquebie y Fabricio Graells.<br \/>\n<strong>Juventud 0<\/strong>.<!--more--><\/p>\n<p><strong>Estudiantes 1:<\/strong> Manuel Vignau.<br \/>\n<strong>Defensores 0<\/strong>.<\/p>\n<p><strong>Jorge Newbery 2:<\/strong> Gonzalo Aguilera y Lucas Paredes.<br \/>\n<strong>Carteros 4:<\/strong> Joaqu\u00edn Barrionuevo, Laureano Celaye, Tob\u00edas Navarro y Joaqu\u00edn Rios.<\/p>\n<p><strong>Palometas 2:<\/strong> Federico Russi y Alfonso Gatti.<br \/>\n<strong>Quilmes 1:<\/strong> Valentino Fusco ec.<\/p>\n<p><strong>Trocha 2:<\/strong> Mateo murari y Luak Tello.<br \/>\n<strong>El Front\u00f3n 3:<\/strong> Tom\u00e1s Zwezig, Patricio Stanga y Lucas Lescano.<\/p>\n<p><span style=\"color: #0000ff;\"><strong>Torneo de Segunda<\/strong><\/span><br \/>\n<strong>Uni\u00f3n 0.<\/strong><br \/>\n<strong>Ateneo 0.<\/strong><\/p>\n<p><strong>Holanda 2: <\/strong>Mandrini y Alvarez.<br \/>\n<strong>San Bernardo 2:<\/strong> Diego Zalazar y Frabicio Guti\u00e9rrez.<\/p>\n<p><strong>La Tijera 2:<\/strong> Enzo Zaccardi 2.<br \/>\n<strong>AMEFIP 4:<\/strong> Lucas Leguizam\u00f3n 2, Ignacio Barrios y Lautaro Quintana.<\/p>\n<p><span style=\"color: #ff0000;\"><strong>Suspendido<\/strong><\/span><br \/>\nEl Tim\u00f3n vs. All Haz.<br \/>\nMercedes vs. Rodr\u00edguez.<br \/>\nVilla Manchi vs. V\u00e9lez.<\/p>\n","protected":false},"excerpt":{"rendered":"<p>Torneo de Primera Pabell\u00f3n 2: Santiago Hourquebie y Fabricio Graells. Juventud 0.<\/p>\n","protected":false},"author":2,"featured_media":0,"comment_status":"open","ping_status":"open","sticky":false,"template":"","format":"standard","meta":{"footnotes":""},"categories":[4],"tags":[114,123],"class_list":["post-39084","post","type-post","status-publish","format-standard","hentry","category-informaciongeneral","tag-liga-mercedina-de-futbol","tag-reserva"],"_links":{"self":[{"href":"https:\/\/ligamercedina.com\/web\/wp-json\/wp\/v2\/posts\/39084","targetHints":{"allow":["GET"]}}],"collection":[{"href":"https:\/\/ligamercedina.com\/web\/wp-json\/wp\/v2\/posts"}],"about":[{"href":"https:\/\/ligamercedina.com\/web\/wp-json\/wp\/v2\/types\/post"}],"author":[{"embeddable":true,"href":"https:\/\/ligamercedina.com\/web\/wp-json\/wp\/v2\/users\/2"}],"replies":[{"embeddable":true,"href":"https:\/\/ligamercedina.com\/web\/wp-json\/wp\/v2\/comments?post=39084"}],"version-history":[{"count":8,"href":"https:\/\/ligamercedina.com\/web\/wp-json\/wp\/v2\/posts\/39084\/revisions"}],"predecessor-version":[{"id":39160,"href":"https:\/\/ligamercedina.com\/web\/wp-json\/wp\/v2\/posts\/39084\/revisions\/39160"}],"wp:attachment":[{"href":"https:\/\/ligamercedina.com\/web\/wp-json\/wp\/v2\/media?parent=39084"}],"wp:term":[{"taxonomy":"category","embeddable":true,"href":"https:\/\/ligamercedina.com\/web\/wp-json\/wp\/v2\/categories?post=39084"},{"taxonomy":"post_tag","embeddable":true,"href":"https:\/\/ligamercedina.com\/web\/wp-json\/wp\/v2\/tags?post=39084"}],"curies":[{"name":"wp","href":"https:\/\/api.w.org\/{rel}","templated":true}]}}