{"id":39082,"date":"2025-08-30T23:01:20","date_gmt":"2025-08-31T02:01:20","guid":{"rendered":"https:\/\/ligamercedina.com\/web\/?p=39082"},"modified":"2025-09-01T11:42:55","modified_gmt":"2025-09-01T14:42:55","slug":"resultados-de-primera-1ra-fecha-clausura","status":"publish","type":"post","link":"https:\/\/ligamercedina.com\/web\/resultados-de-primera-1ra-fecha-clausura\/","title":{"rendered":"Resultados de Primera &#8211; 1ra fecha Clausura"},"content":{"rendered":"<p><strong>Estudiantes 1:<\/strong> Rodrigo Torres.<br \/>\n<strong>Defensores Juniors 2:<\/strong> Agust\u00edn De Anchaval y Braian Lucero.<\/p>\n<p><strong>Pabell\u00f3n 1: <\/strong>Nahuel Romero.<br \/>\n<strong>Juventud 1:<\/strong> Mauro Correa.<\/p>\n<p><strong>Carteros 1:<\/strong> Mat\u00edas Schenfeld.<br \/>\n<strong>Jorge Newbery 1:<\/strong> Mart\u00edn Zuleta.<\/p>\n<p><span style=\"color: #ff0000;\"><strong>Suspendidos<\/strong><\/span><br \/>\nMercedes vs. Rodr\u00edguez.<br \/>\nPalometas vs. Quilmes.<br \/>\nTrocha vs. El Front\u00f3n.<br \/>\nVilla Manchi vs. V\u00e9lez.<\/p>\n","protected":false},"excerpt":{"rendered":"<p>Estudiantes 1: Rodrigo Torres. Defensores Juniors 2: Agust\u00edn De Anchaval y Braian Lucero. Pabell\u00f3n 1: Nahuel Romero. Juventud 1: Mauro Correa. Carteros 1: Mat\u00edas Schenfeld. Jorge Newbery 1: Mart\u00edn Zuleta. Suspendidos Mercedes vs. Rodr\u00edguez. Palometas vs. Quilmes. Trocha vs. El Front\u00f3n. Villa Manchi vs. V\u00e9lez.<\/p>\n","protected":false},"author":2,"featured_media":0,"comment_status":"open","ping_status":"open","sticky":false,"template":"","format":"standard","meta":{"footnotes":""},"categories":[4],"tags":[114,121],"class_list":["post-39082","post","type-post","status-publish","format-standard","hentry","category-informaciongeneral","tag-liga-mercedina-de-futbol","tag-primera-division-a"],"_links":{"self":[{"href":"https:\/\/ligamercedina.com\/web\/wp-json\/wp\/v2\/posts\/39082","targetHints":{"allow":["GET"]}}],"collection":[{"href":"https:\/\/ligamercedina.com\/web\/wp-json\/wp\/v2\/posts"}],"about":[{"href":"https:\/\/ligamercedina.com\/web\/wp-json\/wp\/v2\/types\/post"}],"author":[{"embeddable":true,"href":"https:\/\/ligamercedina.com\/web\/wp-json\/wp\/v2\/users\/2"}],"replies":[{"embeddable":true,"href":"https:\/\/ligamercedina.com\/web\/wp-json\/wp\/v2\/comments?post=39082"}],"version-history":[{"count":4,"href":"https:\/\/ligamercedina.com\/web\/wp-json\/wp\/v2\/posts\/39082\/revisions"}],"predecessor-version":[{"id":39118,"href":"https:\/\/ligamercedina.com\/web\/wp-json\/wp\/v2\/posts\/39082\/revisions\/39118"}],"wp:attachment":[{"href":"https:\/\/ligamercedina.com\/web\/wp-json\/wp\/v2\/media?parent=39082"}],"wp:term":[{"taxonomy":"category","embeddable":true,"href":"https:\/\/ligamercedina.com\/web\/wp-json\/wp\/v2\/categories?post=39082"},{"taxonomy":"post_tag","embeddable":true,"href":"https:\/\/ligamercedina.com\/web\/wp-json\/wp\/v2\/tags?post=39082"}],"curies":[{"name":"wp","href":"https:\/\/api.w.org\/{rel}","templated":true}]}}