{"id":39004,"date":"2025-08-23T20:36:34","date_gmt":"2025-08-23T23:36:34","guid":{"rendered":"https:\/\/ligamercedina.com\/web\/?p=39004"},"modified":"2025-08-25T00:48:09","modified_gmt":"2025-08-25T03:48:09","slug":"futbol-femenino-primera-division-tercera-fecha","status":"publish","type":"post","link":"https:\/\/ligamercedina.com\/web\/futbol-femenino-primera-division-tercera-fecha\/","title":{"rendered":"F\u00fatbol Femenino &#8211; Primera Divisi\u00f3n &#8211; Tercera fecha"},"content":{"rendered":"<div id=\"attachment_39005\" style=\"width: 650px\" class=\"wp-caption aligncenter\"><a href=\"https:\/\/ligamercedina.com\/web\/wp-content\/uploads\/2025\/08\/IMG_9198.jpg\"><img loading=\"lazy\" decoding=\"async\" aria-describedby=\"caption-attachment-39005\" class=\"wp-image-39005 size-full\" src=\"https:\/\/ligamercedina.com\/web\/wp-content\/uploads\/2025\/08\/IMG_9198.jpg\" alt=\"\" width=\"640\" height=\"427\" srcset=\"https:\/\/ligamercedina.com\/web\/wp-content\/uploads\/2025\/08\/IMG_9198.jpg 640w, https:\/\/ligamercedina.com\/web\/wp-content\/uploads\/2025\/08\/IMG_9198-300x200.jpg 300w\" sizes=\"auto, (max-width: 640px) 100vw, 640px\" \/><\/a><p id=\"caption-attachment-39005\" class=\"wp-caption-text\">Pabell\u00f3n Argentino.<\/p><\/div>\n<p><strong>Club Mercedes 0<\/strong>.<br \/>\n<strong>Pabell\u00f3n 2:<\/strong> Camila Fern\u00e1ndez y Noelia Molina.<\/p>\n<p><strong>Palometas 0.<\/strong><br \/>\n<strong>Defensores 0.<\/strong><\/p>\n<p>Cer\u00e1mica 5: Bianca Garibotti, Francesca Gatti, Dalama Mesa 2 y Milagros Peralta.<strong><br \/>\nTrocha 0.<\/strong><\/p>\n<p><strong>Suspendido<\/strong><br \/>\nEl Tim\u00f3n vs. Social y Deportivo Nicol\u00e1s.<br \/>\n<strong>Libre:<\/strong> El Front\u00f3n.<br \/>\n<a href=\"https:\/\/ligamercedina.com\/web\/wp-content\/uploads\/2025\/08\/Femenino-Primera-1-1.jpg\"><img loading=\"lazy\" decoding=\"async\" class=\"aligncenter size-full wp-image-39031\" src=\"https:\/\/ligamercedina.com\/web\/wp-content\/uploads\/2025\/08\/Femenino-Primera-1-1.jpg\" alt=\"\" width=\"640\" height=\"297\" srcset=\"https:\/\/ligamercedina.com\/web\/wp-content\/uploads\/2025\/08\/Femenino-Primera-1-1.jpg 640w, https:\/\/ligamercedina.com\/web\/wp-content\/uploads\/2025\/08\/Femenino-Primera-1-1-300x139.jpg 300w\" sizes=\"auto, (max-width: 640px) 100vw, 640px\" \/><\/a><\/p>\n","protected":false},"excerpt":{"rendered":"<p>Club Mercedes 0. Pabell\u00f3n 2: Camila Fern\u00e1ndez y Noelia Molina. Palometas 0. Defensores 0. Cer\u00e1mica 5: Bianca Garibotti, Francesca Gatti, Dalama Mesa 2 y Milagros Peralta. Trocha 0. Suspendido El Tim\u00f3n vs. Social y Deportivo Nicol\u00e1s. Libre: El Front\u00f3n.<\/p>\n","protected":false},"author":2,"featured_media":0,"comment_status":"open","ping_status":"open","sticky":false,"template":"","format":"standard","meta":{"footnotes":""},"categories":[4],"tags":[124,114,15],"class_list":["post-39004","post","type-post","status-publish","format-standard","hentry","category-informaciongeneral","tag-futbol-femenino","tag-liga-mercedina-de-futbol","tag-primera-division"],"_links":{"self":[{"href":"https:\/\/ligamercedina.com\/web\/wp-json\/wp\/v2\/posts\/39004","targetHints":{"allow":["GET"]}}],"collection":[{"href":"https:\/\/ligamercedina.com\/web\/wp-json\/wp\/v2\/posts"}],"about":[{"href":"https:\/\/ligamercedina.com\/web\/wp-json\/wp\/v2\/types\/post"}],"author":[{"embeddable":true,"href":"https:\/\/ligamercedina.com\/web\/wp-json\/wp\/v2\/users\/2"}],"replies":[{"embeddable":true,"href":"https:\/\/ligamercedina.com\/web\/wp-json\/wp\/v2\/comments?post=39004"}],"version-history":[{"count":4,"href":"https:\/\/ligamercedina.com\/web\/wp-json\/wp\/v2\/posts\/39004\/revisions"}],"predecessor-version":[{"id":39032,"href":"https:\/\/ligamercedina.com\/web\/wp-json\/wp\/v2\/posts\/39004\/revisions\/39032"}],"wp:attachment":[{"href":"https:\/\/ligamercedina.com\/web\/wp-json\/wp\/v2\/media?parent=39004"}],"wp:term":[{"taxonomy":"category","embeddable":true,"href":"https:\/\/ligamercedina.com\/web\/wp-json\/wp\/v2\/categories?post=39004"},{"taxonomy":"post_tag","embeddable":true,"href":"https:\/\/ligamercedina.com\/web\/wp-json\/wp\/v2\/tags?post=39004"}],"curies":[{"name":"wp","href":"https:\/\/api.w.org\/{rel}","templated":true}]}}