{"id":390,"date":"2008-04-09T12:06:55","date_gmt":"2008-04-09T15:06:55","guid":{"rendered":"https:\/\/ligamercedina.com\/?p=390"},"modified":"2008-04-09T12:06:55","modified_gmt":"2008-04-09T15:06:55","slug":"futbol-de-primera-y-tercera-hoy-miercoles-cierra-la-inscripcion-de-listas-de-buena-fe","status":"publish","type":"post","link":"https:\/\/ligamercedina.com\/web\/futbol-de-primera-y-tercera-hoy-miercoles-cierra-la-inscripcion-de-listas-de-buena-fe\/","title":{"rendered":"F\u00fatbol de Primera y Tercera: hoy mi\u00e9rcoles cierra la inscripci\u00f3n de listas de buena fe"},"content":{"rendered":"<blockquote><p><strong>Hoy mi\u00e9rcoles cierra la fecha de presentaci\u00f3n de listas de buena fe para los equipos que partir del pr\u00f3ximo fin de semana estar\u00e1n jugando por los torneos de Primera y Tercera divisi\u00f3n.<br \/>\nA partir de las 19:30, en sede de la Liga, los dirigentes de la Liga estar\u00e1n recibiendo toda la informaci\u00f3n, que en esta oportunidad deber\u00e1 hacerse tambi\u00e9n mediante el envi\u00f3 por correo electr\u00f3nico de cada una de las listas. Es decir que adem\u00e1s de la presentaci\u00f3n de la lista en la Liga con la firma de los jugadores y el resto de sus datos, se deber\u00e1 hacer tambi\u00e9n un env\u00edo por correo electr\u00f3nica en planilla de excel.<\/strong><\/p><\/blockquote>\n","protected":false},"excerpt":{"rendered":"<p>Hoy mi\u00e9rcoles cierra la fecha de presentaci\u00f3n de listas de buena fe para los equipos que partir del pr\u00f3ximo fin de semana estar\u00e1n jugando por los torneos de Primera y Tercera divisi\u00f3n. A partir de las 19:30, en sede de la Liga, los dirigentes de la Liga estar\u00e1n recibiendo toda la informaci\u00f3n, que en esta oportunidad deber\u00e1 hacerse tambi\u00e9n mediante<\/p>\n","protected":false},"author":1,"featured_media":0,"comment_status":"open","ping_status":"open","sticky":false,"template":"","format":"standard","meta":{"footnotes":""},"categories":[4],"tags":[],"class_list":["post-390","post","type-post","status-publish","format-standard","hentry","category-informaciongeneral"],"_links":{"self":[{"href":"https:\/\/ligamercedina.com\/web\/wp-json\/wp\/v2\/posts\/390","targetHints":{"allow":["GET"]}}],"collection":[{"href":"https:\/\/ligamercedina.com\/web\/wp-json\/wp\/v2\/posts"}],"about":[{"href":"https:\/\/ligamercedina.com\/web\/wp-json\/wp\/v2\/types\/post"}],"author":[{"embeddable":true,"href":"https:\/\/ligamercedina.com\/web\/wp-json\/wp\/v2\/users\/1"}],"replies":[{"embeddable":true,"href":"https:\/\/ligamercedina.com\/web\/wp-json\/wp\/v2\/comments?post=390"}],"version-history":[{"count":0,"href":"https:\/\/ligamercedina.com\/web\/wp-json\/wp\/v2\/posts\/390\/revisions"}],"wp:attachment":[{"href":"https:\/\/ligamercedina.com\/web\/wp-json\/wp\/v2\/media?parent=390"}],"wp:term":[{"taxonomy":"category","embeddable":true,"href":"https:\/\/ligamercedina.com\/web\/wp-json\/wp\/v2\/categories?post=390"},{"taxonomy":"post_tag","embeddable":true,"href":"https:\/\/ligamercedina.com\/web\/wp-json\/wp\/v2\/tags?post=390"}],"curies":[{"name":"wp","href":"https:\/\/api.w.org\/{rel}","templated":true}]}}