{"id":38968,"date":"2025-08-23T08:08:10","date_gmt":"2025-08-23T11:08:10","guid":{"rendered":"https:\/\/ligamercedina.com\/web\/?p=38968"},"modified":"2025-08-23T08:39:27","modified_gmt":"2025-08-23T11:39:27","slug":"horarios-para-el-fin-de-semana-204","status":"publish","type":"post","link":"https:\/\/ligamercedina.com\/web\/horarios-para-el-fin-de-semana-204\/","title":{"rendered":"HORARIOS PARA EL FIN DE SEMANA"},"content":{"rendered":"<h3 style=\"text-align: center;\"><span style=\"color: #ff0000;\"><strong>PRIMERA DIVISION<\/strong><\/span><\/h3>\n<p><em><strong>S\u00e1bado 23 de agosto, cancha Pabell\u00f3n Argentino<\/strong><\/em><br \/>\n15:15 hs. Pabell\u00f3n Argentino Vs. Juventud\u00a0 <strong><span style=\"color: #ff0000;\">-SUSPENDIDO-<\/span><\/strong><!--more--><\/p>\n<p><em><strong>S\u00e1bado 23 de Agosto, cancha El Tim\u00f3n<\/strong><\/em><br \/>\n16:00 hs. El Tim\u00f3n Vs. All Haz <strong><span style=\"color: #ff0000;\">-SUSPENDIDO-<\/span><\/strong><\/p>\n<p><em><strong>S\u00e1bado 23 de Agosto, cancha Liga Mercedina<\/strong><\/em><br \/>\n17:00 hs. Jorge Newbery Vs. Carteros <strong><span style=\"color: #ff0000;\">-SUSPENDIDO-<\/span><\/strong><br \/>\n19:00 hs. Deportivo Gowland Vs. San Bernardo <strong><span style=\"color: #ff0000;\">-SUSPENDIDO-<\/span><\/strong><\/p>\n<p><em><strong>Domingo 24 de agosto, cancha Estudiantes<\/strong><\/em><br \/>\n14:00 hs. Estudiantes Vs. Defensores <strong><span style=\"color: #ff0000;\">-SUSPENDIDO-<\/span><\/strong><\/p>\n<p><em><strong>Domingo 24\u00a0 de agosto, cancha Villa Manchi<\/strong><\/em><br \/>\n16:00 hs. Villa Manchi Vs. V\u00e9lez <strong><span style=\"color: #ff0000;\">-SUSPENDIDO-<\/span><\/strong><\/p>\n<p><em><strong>Domingo 24 de agosto, cancha Ateneo<\/strong><\/em><br \/>\n18:00 hs. Ateneo Vs. Holanda<\/p>\n<p><strong>Postergados<\/strong><br \/>\nPalometas Vs. Quilmes<br \/>\nMercedes Vs. Atl\u00e9tico Rodr\u00edguez<br \/>\nTrocha Vs. El Front\u00f3n<br \/>\nLa Tijera Vs. AMEFIP<\/p>\n<h3 style=\"text-align: center;\"><span style=\"color: #ff0000;\"><strong>RESERVA<\/strong><\/span><\/h3>\n<p><em><strong>S\u00e1bado 23 de Agosto, cancha El Tim\u00f3n<\/strong><\/em><br \/>\n14:00 hs. El Tim\u00f3n Vs. All Haz <strong><span style=\"color: #ff0000;\">-SUSPENDIDO-<\/span><\/strong><\/p>\n<p><em><strong>S\u00e1bado 23 de Agosto, cancha Liga Mercedina<\/strong><\/em><br \/>\n15:00 hs. Jorge Newbery Vs. Carteros <strong><span style=\"color: #ff0000;\">-SUSPENDIDO-<\/span><\/strong><\/p>\n<p><em><strong>S\u00e1bado 23 de agosto, cancha Pabell\u00f3n Argentino<\/strong><\/em><br \/>\n13:30 hs. Pabell\u00f3n Argentino Vs. Juventud <strong><span style=\"color: #ff0000;\">-SUSPENDIDO-<\/span><\/strong><\/p>\n<p><em><strong>S\u00e1bado 23 de agosto, cancha Villa Manchi<\/strong><\/em><br \/>\n14:00 hs. Villa Manchi Vs. V\u00e9lez <strong><span style=\"color: #ff0000;\">-SUSPENDIDO-<\/span><\/strong><\/p>\n<p><em><strong>S\u00e1bado 23 de agosto, cancha Uni\u00f3n<\/strong><\/em><br \/>\n16:30 hs. Deportivo Gowland Vs. San Bernardo<\/p>\n<p><em><strong>Domingo 24 de agosto, cancha Estudiantes<\/strong><\/em><br \/>\n16:00 hs. Estudiantes Vs. Defensores <strong><span style=\"color: #ff0000;\">-SUSPENDIDO-<\/span><\/strong><\/p>\n<p><em><strong>Domingo 24 de agosto, cancha Ateneo<\/strong><\/em><br \/>\n20:00 hs. Ateneo Vs. Holanda<\/p>\n<p><strong>Postergados<\/strong><br \/>\nMercedes Vs. Atl\u00e9tico Rodr\u00edguez<br \/>\nTrocha Vs. El Front\u00f3n<br \/>\nPalometas Vs. Quilmes<br \/>\nLa Tijera Vs. AMEFIP<\/p>\n<h3 style=\"text-align: center;\"><span style=\"color: #ff0000;\"><strong>INFANTO JUVENIL <\/strong><\/span><\/h3>\n<p><strong>El Front\u00f3n Vs. Carteros<\/strong><br \/>\n13:00 hs. Cat.2017<br \/>\n14:00 hs. Cat.2016<br \/>\n15:00 hs. Cat.2015<br \/>\n16:00 hs. Cat.2014<\/p>\n<p>11:00 hs. Cat.2013<br \/>\n12:15 hs. Cat.2012<br \/>\n13.30 hs. Cat.5ta<br \/>\n15:00 hs. Cat.2011<br \/>\n16:15 hs. Cat.2010<\/p>\n<p><strong>Mercedes Vs. Dep. Gowland<\/strong><br \/>\n13:00 hs. Cat.2017<br \/>\n14:00 hs. Cat.2016<br \/>\n15:00 hs. Cat.2015<br \/>\n16:00 hs. Cat.2014<\/p>\n<p>13:30 hs. Cat.2012<br \/>\n14.45 hs. Cat.5ta<\/p>\n<p><strong>Palometas Vs. La Tijera<\/strong><br \/>\n12:15 hs. Cat.2013<br \/>\n13:30 hs. Cat.2012<br \/>\n14.45 hs. Cat.5ta<br \/>\n16:15 hs. Cat.2010<\/p>\n<p><strong>Holanda Vs. Estudiantes<\/strong><br \/>\n13:00 hs. Cat.2016 <strong><span style=\"color: #ff0000;\">-SUSPENDIDO-<\/span><\/strong><br \/>\n14:00 hs. Cat.2015 <strong><span style=\"color: #ff0000;\">-SUSPENDIDO-<\/span><\/strong><\/p>\n<p>12:00 hs. Cat.2010 <strong><span style=\"color: #ff0000;\">-SUSPENDIDO-<\/span><\/strong><br \/>\n13.30 hs. Cat.5ta <strong><span style=\"color: #ff0000;\">-SUSPENDIDO-<\/span><\/strong><\/p>\n<p><strong>Uni\u00f3n Vs. El Tim\u00f3n<\/strong><br \/>\n11:00 hs. Cat.2012<br \/>\n12.15 hs. Cat.5ta<br \/>\n13:45 hs. Cat.2011<br \/>\n15:00 hs. Cat.2010<\/p>\n<p><strong>Defensores Vs. Trocha<\/strong><br \/>\n13:00 hs. Cat.2017<br \/>\n14:00 hs. Cat.2016<br \/>\n15:00 hs. Cat.2014<br \/>\n16:00 hs. Cat.2015<\/p>\n<p>10:00 hs. Cat.2013<br \/>\n11:15 hs. Cat.2012<br \/>\n12.30 hs. Cat.5ta<br \/>\n14:00 hs. Cat.2011<br \/>\n15:15 hs. Cat.2010<\/p>\n<p><strong>Jorge Newbery Vs. Quilmes<\/strong><br \/>\n12:00 hs. Cat.2012<br \/>\n13.15 hs. Cat.5ta<br \/>\n14:30 hs. Cat.2011<br \/>\n15:45 hs. Cat.2010<\/p>\n<p><strong>Ateneo Vs. V\u00e9lez<\/strong><br \/>\n13:00 hs. Cat.2017<br \/>\n14:00 hs. Cat.2016<br \/>\n15:00 hs. Cat.2015<br \/>\n16:00 hs. Cat.2014<\/p>\n<p>11:00 hs. Cat.2013<br \/>\n12:15 hs. Cat.2012<br \/>\n13.30 hs. Cat.5ta<br \/>\n15:00 hs. Cat.2010<\/p>\n<p><strong>Juventud Vs. Villa Manchi<\/strong><br \/>\n13:00 hs. Cat.2017 <strong><span style=\"color: #339966;\">-Domingo-<\/span><\/strong><br \/>\n14:00 hs. Cat.2016 <strong><span style=\"color: #339966;\">-Domingo-<\/span><\/strong><br \/>\n15:00 hs. Cat.2015 <strong><span style=\"color: #339966;\">-Domingo-<\/span><\/strong><br \/>\n16:00 hs. Cat.2014 <strong><span style=\"color: #339966;\">-Domingo-<\/span><\/strong><\/p>\n<p>11:00 hs. Cat.2013 <strong><span style=\"color: #339966;\">-Domingo-<\/span><\/strong><br \/>\n12:15 hs. Cat.2012 <strong><span style=\"color: #339966;\">-Domingo-<\/span><\/strong><br \/>\n13.30 hs. Cat.5ta <strong><span style=\"color: #339966;\">-Domingo-<\/span><\/strong><br \/>\n15:00 hs. Cat.2011 <strong><span style=\"color: #339966;\">-Domingo-<\/span><\/strong><br \/>\n16:15 hs. Cat.2010 <strong><span style=\"color: #339966;\">-Domingo-<\/span><\/strong><\/p>\n<p><strong>Pabell\u00f3n Argentino Vs. Talleres<\/strong><br \/>\n11:00 hs. Cat.2013 <strong><span style=\"color: #ff0000;\">-SUSPENDIDO-<\/span><\/strong><br \/>\n12:15 hs. Cat.2012 <strong><span style=\"color: #ff0000;\">-SUSPENDIDO-<\/span><\/strong><\/p>\n<h3 style=\"text-align: center;\"><span style=\"color: #ff0000;\"><strong>PRIMERA FEMENINO<\/strong><\/span><\/h3>\n<p><em><strong>S\u00e1bado 23 de agosto, cancha Mercedes<\/strong><\/em><br \/>\n17:45 hs. Mercedes Vs. Pabell\u00f3n Argentino<\/p>\n<p><em><strong>S\u00e1bado 23 de agosto, cancha Palometas<\/strong><\/em><br \/>\n18:00 hs. Palometas Vs. Defensores<\/p>\n<p><em><strong>Domingo 24 de agosto, cancha El Tim\u00f3n<\/strong><\/em><br \/>\n12:00 hs. El Tim\u00f3n Vs. Soc. Dep. Nicol\u00e1s <strong><span style=\"color: #ff0000;\">-SUSPENDIDO-<\/span><\/strong><\/p>\n<p><strong>Domingo 24 de agosto, cancha Cer\u00e1mica<\/strong><br \/>\n16:00 hs. Cer\u00e1mica Vs. Trocha<\/p>\n<h3 style=\"text-align: center;\"><span style=\"color: #ff0000;\"><strong>INFERIORES \u2013 FEMENINO<\/strong><\/span><\/h3>\n<p><strong>Cancha Deportivo Gowland<\/strong><br \/>\n11:00 hs. -SUB 12- Deportivo Gowland Vs. Soc. Dep.Nicol\u00e1s<br \/>\n12:00 hs. -SUB 14- Deportivo Gowland Vs. Soc. Dep.Nicol\u00e1s<\/p>\n<p><strong>Cancha Holanda<\/strong><br \/>\n12:00 hs. -SUB 12- Holanda Vs. Trocha Azul <strong><span style=\"color: #ff0000;\">-SUSPENDIDO-<\/span><\/strong><\/p>\n<p><strong>Cancha Palometas<\/strong><br \/>\n11:00 hs. -SUB 14- Palometas Vs. Villa Manchi<br \/>\n12:00 hs. -SUB 14- Palometas Bord\u00f3 Vs. Trocha<br \/>\n13:00 hs. -SUB 12- Palometas Vs. Villa Manchi<\/p>\n<p>11:00 hs. -SUB 16- Palometas Vs. Villa Manchi<\/p>\n<p><strong>Cancha Mercedes<\/strong><br \/>\n12:00 hs. -SUB 12- Mercedes Vs. Carteros<\/p>\n<p>16:15 hs. -SUB 16- Mercedes Vs. Carteros<\/p>\n<p><strong>Postergados<\/strong><br \/>\nA ra\u00edz de una presentaci\u00f3n de Club Defensores, solicitando que previo a sus partidos ante Cer\u00e1mica, se disputen encuentros entre Cer\u00e1mica &#8211; Estudiantes se decide postergar la fecha entre: Cer\u00e1mica Vs. Defensores.<br \/>\nAsimismo, ante la imposibilidad de jugar partidos pendientes entre Cer\u00e1mica &#8211; Estudiantes, los mismos se reprogramar\u00e1n oportunamente.-<\/p>\n","protected":false},"excerpt":{"rendered":"<p>PRIMERA DIVISION S\u00e1bado 23 de agosto, cancha Pabell\u00f3n Argentino 15:15 hs. Pabell\u00f3n Argentino Vs. Juventud\u00a0 -SUSPENDIDO-<\/p>\n","protected":false},"author":2,"featured_media":0,"comment_status":"open","ping_status":"open","sticky":false,"template":"","format":"standard","meta":{"footnotes":""},"categories":[4],"tags":[],"class_list":["post-38968","post","type-post","status-publish","format-standard","hentry","category-informaciongeneral"],"_links":{"self":[{"href":"https:\/\/ligamercedina.com\/web\/wp-json\/wp\/v2\/posts\/38968","targetHints":{"allow":["GET"]}}],"collection":[{"href":"https:\/\/ligamercedina.com\/web\/wp-json\/wp\/v2\/posts"}],"about":[{"href":"https:\/\/ligamercedina.com\/web\/wp-json\/wp\/v2\/types\/post"}],"author":[{"embeddable":true,"href":"https:\/\/ligamercedina.com\/web\/wp-json\/wp\/v2\/users\/2"}],"replies":[{"embeddable":true,"href":"https:\/\/ligamercedina.com\/web\/wp-json\/wp\/v2\/comments?post=38968"}],"version-history":[{"count":23,"href":"https:\/\/ligamercedina.com\/web\/wp-json\/wp\/v2\/posts\/38968\/revisions"}],"predecessor-version":[{"id":39001,"href":"https:\/\/ligamercedina.com\/web\/wp-json\/wp\/v2\/posts\/38968\/revisions\/39001"}],"wp:attachment":[{"href":"https:\/\/ligamercedina.com\/web\/wp-json\/wp\/v2\/media?parent=38968"}],"wp:term":[{"taxonomy":"category","embeddable":true,"href":"https:\/\/ligamercedina.com\/web\/wp-json\/wp\/v2\/categories?post=38968"},{"taxonomy":"post_tag","embeddable":true,"href":"https:\/\/ligamercedina.com\/web\/wp-json\/wp\/v2\/tags?post=38968"}],"curies":[{"name":"wp","href":"https:\/\/api.w.org\/{rel}","templated":true}]}}