{"id":3884,"date":"2010-07-10T17:10:03","date_gmt":"2010-07-10T20:10:03","guid":{"rendered":"https:\/\/ligamercedina.com\/?p=3884"},"modified":"2010-07-10T17:10:03","modified_gmt":"2010-07-10T20:10:03","slug":"resultados-infanto-juvenil","status":"publish","type":"post","link":"https:\/\/ligamercedina.com\/web\/resultados-infanto-juvenil\/","title":{"rendered":"RESULTADOS INFANTO JUVENIL"},"content":{"rendered":"<ul>\n<strong>ATENEO &#8211; ESTUDIANTES<\/strong><\/ul>\n<p>Categor\u00eda 2001: <strong>1<\/strong> (Federico Laresca) &#8211; <strong>1<\/strong> (Santiago Cirillo)<br \/>\nCategor\u00eda 2000: <strong>1<\/strong> (Manuel Bigongiari) &#8211; <strong>1<\/strong> (Franco Trapici)<br \/>\nCategor\u00eda    99: <strong>1<\/strong> (Enzo Spoturno) &#8211; <strong>0<\/strong><br \/>\nCategor\u00eda    98: <strong>0 &#8211; 5<\/strong> (Nicol\u00e1s Bartolomeo, Lucas Gallo, Franco Mart\u00ednez 2, Franco Olivieri)<br \/>\nCategor\u00eda    97: <strong>1<\/strong> (Santiago Cendoya) &#8211; <strong>0<\/strong><br \/>\nCategor\u00eda    96: Ateneo no present\u00f3 el equipo completo<br \/>\nCategor\u00eda    95: <strong>0 &#8211; 3<\/strong> (Daniel Hoare, Lucas Mollo 2)<br \/>\nCategor\u00eda 93-94: <strong>1<\/strong> (Mat\u00edas Villalba) &#8211; <strong>0<\/strong><\/p>\n<ul>\n<strong>COMUNICACIONES &#8211; VELEZ<\/strong><\/ul>\n<p>Categor\u00eda 2001: <strong>0 &#8211; 0<\/strong><br \/>\nCategor\u00eda 2000: <strong>1<\/strong> (Franco Mezza) &#8211; <strong>2<\/strong> (Eduardo Carrizo, Alexis L\u00f3pez)<br \/>\nCategor\u00eda    99: <strong>1<\/strong> (Mat\u00edas Giles) &#8211; <strong>1<\/strong> (Gast\u00f3n Lucero)<br \/>\nCategor\u00eda    98: <strong>0 &#8211; 4<\/strong> (Fabricio Chaparro, Nicol\u00e1s Gonz\u00e1lez 2, Yoel Lescano)<br \/>\nCategor\u00eda    97: <strong>1<\/strong> (Alejandro Capuano) &#8211; <strong>3<\/strong> (Ramiro Roa, Braian Cardozo 2)<br \/>\nCategor\u00eda    96: <strong>0 &#8211; 3<\/strong> (Claudio Carrizo, Nicol\u00e1s Ram\u00edrez)<br \/>\nCategor\u00eda    95: 1 &#8211; 2<br \/>\nCategor\u00eda 93-94: <strong>0 &#8211; 1<\/strong> (Franco L\u00f3pez)<\/p>\n<ul>\n<strong>MERCEDES &#8211; JUVENTUD<\/strong><\/ul>\n<p>Categor\u00eda 2001: <strong>0 &#8211; 2<\/strong> (Santiago Romagnoli y Esteban Braghi)<br \/>\nCategor\u00eda 2000: <strong>1<\/strong> (Agust\u00edn Valle) &#8211; <strong>1<\/strong> (Franco Taborda)<br \/>\nCategor\u00eda    99: <strong>1<\/strong> (Juan Cabrera) &#8211; <strong>4<\/strong> (Tom\u00e1s Burnes 2, Serafin Iribarne, Edgardo Su\u00e1rez)<br \/>\nCategor\u00eda    98: <strong>4<\/strong> (Juan Arias 2, Mat\u00edas Chiapuzzo 2) &#8211; <strong>3<\/strong> (Santiago Flynn 2, Juli\u00e1n G\u00f3mez)<br \/>\nCategor\u00eda    97: No se present\u00f3 Juventud<br \/>\nCategor\u00eda    96: No se present\u00f3 Juventud<br \/>\nCategor\u00eda    95: <strong>1<\/strong> (Nicol\u00e1s Contardi) &#8211; <strong>1<\/strong> (Lucas P\u00e9rez Zunino)<br \/>\nCategor\u00eda 93-94: <strong>0 &#8211; 2<\/strong> (Tom\u00e1s Rossetti, Joaqu\u00edn Sosa)<\/p>\n<ul>\n<strong>EL FRONTON &#8211; MERCEDES \u00abA\u00bb<\/strong><\/ul>\n<p>Categor\u00eda 2001: <strong>0 &#8211; 0<\/strong><br \/>\nCategor\u00eda 2000: <strong>1<\/strong> (Joaqu\u00edn Casado) &#8211; <strong>0<\/strong><br \/>\nCategor\u00eda    99: <strong>3<\/strong> (Juan Bota, Francisco Tallarico, Santiago Vela) &#8211; <strong>1<\/strong> (Sebasti\u00e1n Esnaola)<br \/>\nCategor\u00eda    98: Mercedes no se present\u00f3<br \/>\nCategor\u00eda    97: <strong>2<\/strong> (Facundo Bragagnolo y Mat\u00edas Gaztelu) &#8211; <strong>1<\/strong> (Juan Giorgione)<br \/>\nCategor\u00eda    96: <strong>0 &#8211; 5<\/strong> (Gast\u00f3n Ari\u00f1o 4 y Braian Avila)<br \/>\nCategor\u00eda    95: <strong>8<\/strong> (Tom\u00e1s Cat\u00f3lica 2, Juan Lacanette, Gonzalo Morada, Nicol\u00e1s Nu\u00f1ez 2, Ariel Romero 2) &#8211; <strong>1<\/strong> (Maximiliano Morales)<br \/>\nCategor\u00eda 93-94: <strong>1<\/strong> (Braian Ferrety) &#8211; <strong>0<\/strong><\/p>\n<ul>\n<strong>QUILMES &#8211; UNION<\/strong><\/ul>\n<p>Categor\u00eda 2001: <strong>3<\/strong> (Braian Leguizamon 2, Joaqu\u00edn Videla) &#8211; <strong>0<\/strong><br \/>\nCategor\u00eda 2000: <strong>5<\/strong> (Bruno Ibaldi, Mat\u00edas L\u00f3pez, Luciano Pr\u00edncipi, Gast\u00f3n Romero, Tom\u00e1s Zalba) &#8211; <strong>0<\/strong><br \/>\nCategor\u00eda    99: <strong>5<\/strong> (Braian Climi\u00f1o 3, Juli\u00e1n G\u00f3mez 2) &#8211; <strong>0<\/strong><br \/>\nCategor\u00eda    98: <strong>0 &#8211; 1<\/strong> (Enzo Tulio)<br \/>\nCategor\u00eda    97: <strong>2<\/strong> (Angel Silva, Juan Torres) &#8211; <strong>0<\/strong><\/p>\n","protected":false},"excerpt":{"rendered":"<p>ATENEO &#8211; ESTUDIANTES Categor\u00eda 2001: 1 (Federico Laresca) &#8211; 1 (Santiago Cirillo) Categor\u00eda 2000: 1 (Manuel Bigongiari) &#8211; 1 (Franco Trapici) Categor\u00eda 99: 1 (Enzo Spoturno) &#8211; 0 Categor\u00eda 98: 0 &#8211; 5 (Nicol\u00e1s Bartolomeo, Lucas Gallo, Franco Mart\u00ednez 2, Franco Olivieri) Categor\u00eda 97: 1 (Santiago Cendoya) &#8211; 0 Categor\u00eda 96: Ateneo no present\u00f3 el equipo completo Categor\u00eda 95: 0<\/p>\n","protected":false},"author":1,"featured_media":0,"comment_status":"open","ping_status":"open","sticky":false,"template":"","format":"standard","meta":{"footnotes":""},"categories":[4],"tags":[],"class_list":["post-3884","post","type-post","status-publish","format-standard","hentry","category-informaciongeneral"],"_links":{"self":[{"href":"https:\/\/ligamercedina.com\/web\/wp-json\/wp\/v2\/posts\/3884","targetHints":{"allow":["GET"]}}],"collection":[{"href":"https:\/\/ligamercedina.com\/web\/wp-json\/wp\/v2\/posts"}],"about":[{"href":"https:\/\/ligamercedina.com\/web\/wp-json\/wp\/v2\/types\/post"}],"author":[{"embeddable":true,"href":"https:\/\/ligamercedina.com\/web\/wp-json\/wp\/v2\/users\/1"}],"replies":[{"embeddable":true,"href":"https:\/\/ligamercedina.com\/web\/wp-json\/wp\/v2\/comments?post=3884"}],"version-history":[{"count":15,"href":"https:\/\/ligamercedina.com\/web\/wp-json\/wp\/v2\/posts\/3884\/revisions"}],"predecessor-version":[{"id":3892,"href":"https:\/\/ligamercedina.com\/web\/wp-json\/wp\/v2\/posts\/3884\/revisions\/3892"}],"wp:attachment":[{"href":"https:\/\/ligamercedina.com\/web\/wp-json\/wp\/v2\/media?parent=3884"}],"wp:term":[{"taxonomy":"category","embeddable":true,"href":"https:\/\/ligamercedina.com\/web\/wp-json\/wp\/v2\/categories?post=3884"},{"taxonomy":"post_tag","embeddable":true,"href":"https:\/\/ligamercedina.com\/web\/wp-json\/wp\/v2\/tags?post=3884"}],"curies":[{"name":"wp","href":"https:\/\/api.w.org\/{rel}","templated":true}]}}