{"id":38800,"date":"2025-08-10T16:39:38","date_gmt":"2025-08-10T19:39:38","guid":{"rendered":"https:\/\/ligamercedina.com\/web\/?p=38800"},"modified":"2025-08-12T12:35:26","modified_gmt":"2025-08-12T15:35:26","slug":"futbol-femenino-inferiores-sexta-fecha-de-las-revanchas","status":"publish","type":"post","link":"https:\/\/ligamercedina.com\/web\/futbol-femenino-inferiores-sexta-fecha-de-las-revanchas\/","title":{"rendered":"F\u00fatbol Femenino  Inferiores  sexta fecha de las revanchas"},"content":{"rendered":"<p><span style=\"color: #0000ff;\"><strong><a href=\"https:\/\/ligamercedina.com\/web\/wp-content\/uploads\/2025\/08\/IMG_8136.jpg\"><img loading=\"lazy\" decoding=\"async\" class=\"aligncenter size-full wp-image-38821\" src=\"https:\/\/ligamercedina.com\/web\/wp-content\/uploads\/2025\/08\/IMG_8136.jpg\" alt=\"\" width=\"640\" height=\"408\" srcset=\"https:\/\/ligamercedina.com\/web\/wp-content\/uploads\/2025\/08\/IMG_8136.jpg 640w, https:\/\/ligamercedina.com\/web\/wp-content\/uploads\/2025\/08\/IMG_8136-300x191.jpg 300w\" sizes=\"auto, (max-width: 640px) 100vw, 640px\" \/><\/a>Sub 12<\/strong><\/span><br \/>\nMERCEDES 2: Amanda Picardi y Olivia Solivella.<br \/>\nPALOMETAS 0.<\/p>\n<p>TROCHA ROJO 6: Guadalupe Rodr\u00edguez 2, Zoe Pucheta 2 y Juana Arbia y Alma Morales.<br \/>\nTROCHA AZUL 0.<\/p>\n<p>CARTEROS 1: Valeska Escudero.<br \/>\nDEFENSORES 0.<\/p>\n<p>VILLA MANCHI 1: Aimar\u00e1 Ver\u00f3n.<br \/>\nSOCIAL DEP. NICOLAS 0.<\/p>\n<p>CERAMICA 1: Josefina G\u00f3mez.<br \/>\nHOLANDA 0.<\/p>\n<p><span style=\"color: #0000ff;\"><strong>Sub 14<\/strong><\/span><br \/>\nMERCEDES 0<br \/>\nPALOMETAS 1: Keyla Aboitiz.<\/p>\n<p>ESTUDIANTES 0.<br \/>\nTROCHA 1: Maia Oteiza.<\/p>\n<p>VILLA MANCHI 1: Morena Cerrudo.<br \/>\nSOCIAL DEP. NICOLAS 0.<\/p>\n<p>CERAMICA 1: Brenda Ju\u00e1rez.<br \/>\nPALOMETAS BORDO 0.<\/p>\n<p><span style=\"color: #0000ff;\"><strong>Sub 16<\/strong><\/span><br \/>\nMERCEDES 3: Lola Patrone 2 y Daia Serrano.<br \/>\nPALOMETAS 1: Matilda S\u00e1nchez.<\/p>\n<p>CARTEROS 0.<br \/>\nDEFENSORES 1: Dariana Scalona.<\/p>\n<p>ESTUDIANTES 0.<br \/>\nTROCHA 0.<br \/>\n<a href=\"https:\/\/ligamercedina.com\/web\/wp-content\/uploads\/2025\/08\/Femenino-Inferiores.jpg\"><img loading=\"lazy\" decoding=\"async\" class=\"aligncenter size-large wp-image-38860\" src=\"https:\/\/ligamercedina.com\/web\/wp-content\/uploads\/2025\/08\/Femenino-Inferiores-627x1024.jpg\" alt=\"\" width=\"627\" height=\"1024\" srcset=\"https:\/\/ligamercedina.com\/web\/wp-content\/uploads\/2025\/08\/Femenino-Inferiores-627x1024.jpg 627w, https:\/\/ligamercedina.com\/web\/wp-content\/uploads\/2025\/08\/Femenino-Inferiores-184x300.jpg 184w, https:\/\/ligamercedina.com\/web\/wp-content\/uploads\/2025\/08\/Femenino-Inferiores.jpg 640w\" sizes=\"auto, (max-width: 627px) 100vw, 627px\" \/><\/a><\/p>\n","protected":false},"excerpt":{"rendered":"<p>Sub 12 MERCEDES 2: Amanda Picardi y Olivia Solivella. PALOMETAS 0. TROCHA ROJO 6: Guadalupe Rodr\u00edguez 2, Zoe Pucheta 2 y Juana Arbia y Alma Morales. TROCHA AZUL 0. CARTEROS 1: Valeska Escudero. DEFENSORES 0. VILLA MANCHI 1: Aimar\u00e1 Ver\u00f3n. SOCIAL DEP. NICOLAS 0. CERAMICA 1: Josefina G\u00f3mez. HOLANDA 0. Sub 14 MERCEDES 0 PALOMETAS 1: Keyla Aboitiz. ESTUDIANTES 0.<\/p>\n","protected":false},"author":2,"featured_media":0,"comment_status":"open","ping_status":"open","sticky":false,"template":"","format":"standard","meta":{"footnotes":""},"categories":[4],"tags":[124,144,114],"class_list":["post-38800","post","type-post","status-publish","format-standard","hentry","category-informaciongeneral","tag-futbol-femenino","tag-infantil","tag-liga-mercedina-de-futbol"],"_links":{"self":[{"href":"https:\/\/ligamercedina.com\/web\/wp-json\/wp\/v2\/posts\/38800","targetHints":{"allow":["GET"]}}],"collection":[{"href":"https:\/\/ligamercedina.com\/web\/wp-json\/wp\/v2\/posts"}],"about":[{"href":"https:\/\/ligamercedina.com\/web\/wp-json\/wp\/v2\/types\/post"}],"author":[{"embeddable":true,"href":"https:\/\/ligamercedina.com\/web\/wp-json\/wp\/v2\/users\/2"}],"replies":[{"embeddable":true,"href":"https:\/\/ligamercedina.com\/web\/wp-json\/wp\/v2\/comments?post=38800"}],"version-history":[{"count":3,"href":"https:\/\/ligamercedina.com\/web\/wp-json\/wp\/v2\/posts\/38800\/revisions"}],"predecessor-version":[{"id":38861,"href":"https:\/\/ligamercedina.com\/web\/wp-json\/wp\/v2\/posts\/38800\/revisions\/38861"}],"wp:attachment":[{"href":"https:\/\/ligamercedina.com\/web\/wp-json\/wp\/v2\/media?parent=38800"}],"wp:term":[{"taxonomy":"category","embeddable":true,"href":"https:\/\/ligamercedina.com\/web\/wp-json\/wp\/v2\/categories?post=38800"},{"taxonomy":"post_tag","embeddable":true,"href":"https:\/\/ligamercedina.com\/web\/wp-json\/wp\/v2\/tags?post=38800"}],"curies":[{"name":"wp","href":"https:\/\/api.w.org\/{rel}","templated":true}]}}