{"id":38775,"date":"2025-08-09T22:24:38","date_gmt":"2025-08-10T01:24:38","guid":{"rendered":"https:\/\/ligamercedina.com\/web\/?p=38775"},"modified":"2025-08-10T19:15:00","modified_gmt":"2025-08-10T22:15:00","slug":"futbol-femenino-primera-division-1-fecha-clausura","status":"publish","type":"post","link":"https:\/\/ligamercedina.com\/web\/futbol-femenino-primera-division-1-fecha-clausura\/","title":{"rendered":"F\u00fatbol Femenino &#8211; Primera Divisi\u00f3n &#8211; 1\u00b0 fecha Clausura"},"content":{"rendered":"<p><strong>Palometas 3:<\/strong> Evelin Culio, Tamara Ortubia y Matilda S\u00e1nchez.<br \/>\n<strong>Trocha 0<\/strong>.<\/p>\n<p><strong>Cer\u00e1mica 3:<\/strong> Bianca Garibotti 2 y Francesca Gatti.<br \/>\n<strong>El Front\u00f3n 2:<\/strong> Danila Cano y Virginia Mart\u00ednez.<\/p>\n<p><strong>El Tim\u00f3n 2:<\/strong> Mu\u00f1oz y Jazm\u00edn Ruiz.<br \/>\n<strong>Club Mercedes 1:<\/strong> Lucecia Gamarra.<\/p>\n<p><strong>Defensores 2:<\/strong> Cintia Aranda y Morena Garc\u00eda.<br \/>\n<strong>Social Nicol\u00e1s 2:<\/strong>Antonella Cruzate y Sof\u00eda Ivachich.<\/p>\n","protected":false},"excerpt":{"rendered":"<p>Palometas 3: Evelin Culio, Tamara Ortubia y Matilda S\u00e1nchez. Trocha 0. Cer\u00e1mica 3: Bianca Garibotti 2 y Francesca Gatti. El Front\u00f3n 2: Danila Cano y Virginia Mart\u00ednez. El Tim\u00f3n 2: Mu\u00f1oz y Jazm\u00edn Ruiz. Club Mercedes 1: Lucecia Gamarra. Defensores 2: Cintia Aranda y Morena Garc\u00eda. Social Nicol\u00e1s 2:Antonella Cruzate y Sof\u00eda Ivachich.<\/p>\n","protected":false},"author":2,"featured_media":0,"comment_status":"open","ping_status":"open","sticky":false,"template":"","format":"standard","meta":{"footnotes":""},"categories":[4],"tags":[124,114,15],"class_list":["post-38775","post","type-post","status-publish","format-standard","hentry","category-informaciongeneral","tag-futbol-femenino","tag-liga-mercedina-de-futbol","tag-primera-division"],"_links":{"self":[{"href":"https:\/\/ligamercedina.com\/web\/wp-json\/wp\/v2\/posts\/38775","targetHints":{"allow":["GET"]}}],"collection":[{"href":"https:\/\/ligamercedina.com\/web\/wp-json\/wp\/v2\/posts"}],"about":[{"href":"https:\/\/ligamercedina.com\/web\/wp-json\/wp\/v2\/types\/post"}],"author":[{"embeddable":true,"href":"https:\/\/ligamercedina.com\/web\/wp-json\/wp\/v2\/users\/2"}],"replies":[{"embeddable":true,"href":"https:\/\/ligamercedina.com\/web\/wp-json\/wp\/v2\/comments?post=38775"}],"version-history":[{"count":6,"href":"https:\/\/ligamercedina.com\/web\/wp-json\/wp\/v2\/posts\/38775\/revisions"}],"predecessor-version":[{"id":38812,"href":"https:\/\/ligamercedina.com\/web\/wp-json\/wp\/v2\/posts\/38775\/revisions\/38812"}],"wp:attachment":[{"href":"https:\/\/ligamercedina.com\/web\/wp-json\/wp\/v2\/media?parent=38775"}],"wp:term":[{"taxonomy":"category","embeddable":true,"href":"https:\/\/ligamercedina.com\/web\/wp-json\/wp\/v2\/categories?post=38775"},{"taxonomy":"post_tag","embeddable":true,"href":"https:\/\/ligamercedina.com\/web\/wp-json\/wp\/v2\/tags?post=38775"}],"curies":[{"name":"wp","href":"https:\/\/api.w.org\/{rel}","templated":true}]}}