{"id":38721,"date":"2025-08-04T01:58:56","date_gmt":"2025-08-04T04:58:56","guid":{"rendered":"https:\/\/ligamercedina.com\/web\/?p=38721"},"modified":"2025-08-04T02:02:38","modified_gmt":"2025-08-04T05:02:38","slug":"futbol-femenino-copa-de-plata","status":"publish","type":"post","link":"https:\/\/ligamercedina.com\/web\/futbol-femenino-copa-de-plata\/","title":{"rendered":"F\u00fatbol Femenino &#8211; Copa de Plata"},"content":{"rendered":"<div id=\"attachment_38724\" style=\"width: 605px\" class=\"wp-caption aligncenter\"><a href=\"https:\/\/ligamercedina.com\/web\/wp-content\/uploads\/2025\/08\/timon.jpg\"><img loading=\"lazy\" decoding=\"async\" aria-describedby=\"caption-attachment-38724\" class=\"wp-image-38724 size-full\" src=\"https:\/\/ligamercedina.com\/web\/wp-content\/uploads\/2025\/08\/timon.jpg\" alt=\"\" width=\"595\" height=\"385\" srcset=\"https:\/\/ligamercedina.com\/web\/wp-content\/uploads\/2025\/08\/timon.jpg 595w, https:\/\/ligamercedina.com\/web\/wp-content\/uploads\/2025\/08\/timon-300x194.jpg 300w\" sizes=\"auto, (max-width: 595px) 100vw, 595px\" \/><\/a><p id=\"caption-attachment-38724\" class=\"wp-caption-text\">Tim\u00f3n gan\u00f3 la Copa de Plata (Foto El Tim\u00f3n Femenino).<\/p><\/div>\n<p><strong><br \/>\nCer\u00e1mica 2 (3):<\/strong> Bianca Garibotti y Dalma Mesa.<br \/>\n<strong>El Tim\u00f3n 2 (4):<\/strong> Stefan\u00eda Gatica 2.<\/p>\n<p><span style=\"color: #0000ff;\"><strong>Por penales El Tim\u00f3n se qued\u00f3 con la Copa de Plata de Primera Divisi\u00f3n.<\/strong><\/span><\/p>\n","protected":false},"excerpt":{"rendered":"<p>Cer\u00e1mica 2 (3): Bianca Garibotti y Dalma Mesa. El Tim\u00f3n 2 (4): Stefan\u00eda Gatica 2. Por penales El Tim\u00f3n se qued\u00f3 con la Copa de Plata de Primera Divisi\u00f3n.<\/p>\n","protected":false},"author":2,"featured_media":0,"comment_status":"open","ping_status":"open","sticky":false,"template":"","format":"standard","meta":{"footnotes":""},"categories":[4],"tags":[143,124,114,15],"class_list":["post-38721","post","type-post","status-publish","format-standard","hentry","category-informaciongeneral","tag-copa-de-plata","tag-futbol-femenino","tag-liga-mercedina-de-futbol","tag-primera-division"],"_links":{"self":[{"href":"https:\/\/ligamercedina.com\/web\/wp-json\/wp\/v2\/posts\/38721","targetHints":{"allow":["GET"]}}],"collection":[{"href":"https:\/\/ligamercedina.com\/web\/wp-json\/wp\/v2\/posts"}],"about":[{"href":"https:\/\/ligamercedina.com\/web\/wp-json\/wp\/v2\/types\/post"}],"author":[{"embeddable":true,"href":"https:\/\/ligamercedina.com\/web\/wp-json\/wp\/v2\/users\/2"}],"replies":[{"embeddable":true,"href":"https:\/\/ligamercedina.com\/web\/wp-json\/wp\/v2\/comments?post=38721"}],"version-history":[{"count":3,"href":"https:\/\/ligamercedina.com\/web\/wp-json\/wp\/v2\/posts\/38721\/revisions"}],"predecessor-version":[{"id":38725,"href":"https:\/\/ligamercedina.com\/web\/wp-json\/wp\/v2\/posts\/38721\/revisions\/38725"}],"wp:attachment":[{"href":"https:\/\/ligamercedina.com\/web\/wp-json\/wp\/v2\/media?parent=38721"}],"wp:term":[{"taxonomy":"category","embeddable":true,"href":"https:\/\/ligamercedina.com\/web\/wp-json\/wp\/v2\/categories?post=38721"},{"taxonomy":"post_tag","embeddable":true,"href":"https:\/\/ligamercedina.com\/web\/wp-json\/wp\/v2\/tags?post=38721"}],"curies":[{"name":"wp","href":"https:\/\/api.w.org\/{rel}","templated":true}]}}