{"id":386,"date":"2008-04-04T23:35:56","date_gmt":"2008-04-05T02:35:56","guid":{"rendered":"https:\/\/ligamercedina.com\/?p=386"},"modified":"2008-04-04T23:35:56","modified_gmt":"2008-04-05T02:35:56","slug":"horarios-para-el-futbol-infantil","status":"publish","type":"post","link":"https:\/\/ligamercedina.com\/web\/horarios-para-el-futbol-infantil\/","title":{"rendered":"TODOS LOS RESULTADOS DEL FUTBOL INFANTIL"},"content":{"rendered":"<p><img src='https:\/\/ligamercedina.com\/wp-content\/infantil.jpg' alt='' \/><\/p>\n<p><strong>CATEGOR\u00cdA 99<\/strong><br \/>\nQuilmes: -0-<br \/>\nJuventud: -1-: Valent\u00edn Olivera<\/p>\n<p>Comunicaciones: -0-<br \/>\nV\u00e9lez: -1-: Cristian Aguero<\/p>\n<p><strong>CATEGORIA 98<\/strong><br \/>\nEstudiantes: -2-: Diego Castro y Lucas Gallo<br \/>\nJuventud: -0-<\/p>\n<p>Comunicaciones: -0-<br \/>\nV\u00e9lez: -4-: Tom\u00e1s Bord\u00f3n (2), Axel Cechetto y Yoel Lescano<\/p>\n<p><strong>CATEGORIA 97<\/strong><br \/>\nComunicaciones: -0<br \/>\nUni\u00f3n: -2-: Manuel Giim\u00e9nez y Emir Motus<\/p>\n<p>Estudiantes: -1-: Dami\u00e1n Mansilla<br \/>\nMercedes: -3-: Manuel Bonett (2) y Juan Scasso<\/p>\n<p><strong>CATEGORIA 96<\/strong><br \/>\nComunicaciones: -2-; Nicol\u00e1s Montenegro (2)<br \/>\nV\u00e9lez: -3-;  Alejandro Guzm\u00e1n, Iv\u00e1n Quevedo y Nicol\u00e1s Ram\u00edrez<\/p>\n<p>Estudiantes: -2-;  Leandro Lucero y Alejandro Cardozo<br \/>\nMercedes: -2-; Rodrigo Torres (2)<\/p>\n<p><strong>CATEGORIA 95<\/strong><br \/>\nComunicaciones: -1-;  Cristian Aguirre<br \/>\nV\u00e9lez: -5-; Luis Centeno, Hugo Gataite, Alan Moreno, Mat\u00edas Perdiguero y Mart\u00edn Rocha<\/p>\n<p>Estudiantes: -0-<br \/>\nJuventud: -1-; Joaqu\u00edn Sosa<\/p>\n<p><strong>CATEGORIA 94<\/strong><br \/>\nComunicaciones: -0-<br \/>\nV\u00e9lez: 8-: Lucas Alfonso, Andr\u00e9s Climi\u00f1o (3), Lucas Coletta, Adri\u00e1n Natale y Maximiliano Porticella (2)<\/p>\n<p>Estudiantes: -1-: Franco Ledesma<br \/>\nMercedes: -2-: Nicol\u00e1s Bertaina (2)<\/p>\n<p><strong>CATEGORIA 93<\/strong><br \/>\nComunicaciones: -3-: Jorge Balsategui, Oscar Retegui y Lautaro Calcagno<br \/>\nV\u00e9lez: -6-: Juli\u00e1n Celay, Gabriel D\u00edaz (2), Daniel Jara y Diego L\u00f3pez (2)<\/p>\n<p>Estudiantes: -2-: Mat\u00edas Ledesma y Agust\u00edn Luna<br \/>\nMercedes: -1-: Mateo Gaynor<\/p>\n<p><strong>CATEGORIA 92-91<\/strong><br \/>\nComunicaciones: -0-<br \/>\nV\u00e9lez: -4-: Maximiliano Lencina, Lucas Atampi, Diego Dubertti y Lucas Lofreda<\/p>\n<p>Estudiantes: -0-<br \/>\nJuventud: -1-: Mart\u00edn Potes<\/p>\n","protected":false},"excerpt":{"rendered":"<p>CATEGOR\u00cdA 99 Quilmes: -0- Juventud: -1-: Valent\u00edn Olivera Comunicaciones: -0- V\u00e9lez: -1-: Cristian Aguero CATEGORIA 98 Estudiantes: -2-: Diego Castro y Lucas Gallo Juventud: -0- Comunicaciones: -0- V\u00e9lez: -4-: Tom\u00e1s Bord\u00f3n (2), Axel Cechetto y Yoel Lescano CATEGORIA 97 Comunicaciones: -0 Uni\u00f3n: -2-: Manuel Giim\u00e9nez y Emir Motus Estudiantes: -1-: Dami\u00e1n Mansilla Mercedes: -3-: Manuel Bonett (2) y Juan Scasso<\/p>\n","protected":false},"author":1,"featured_media":0,"comment_status":"open","ping_status":"open","sticky":false,"template":"","format":"standard","meta":{"footnotes":""},"categories":[4],"tags":[],"class_list":["post-386","post","type-post","status-publish","format-standard","hentry","category-informaciongeneral"],"_links":{"self":[{"href":"https:\/\/ligamercedina.com\/web\/wp-json\/wp\/v2\/posts\/386","targetHints":{"allow":["GET"]}}],"collection":[{"href":"https:\/\/ligamercedina.com\/web\/wp-json\/wp\/v2\/posts"}],"about":[{"href":"https:\/\/ligamercedina.com\/web\/wp-json\/wp\/v2\/types\/post"}],"author":[{"embeddable":true,"href":"https:\/\/ligamercedina.com\/web\/wp-json\/wp\/v2\/users\/1"}],"replies":[{"embeddable":true,"href":"https:\/\/ligamercedina.com\/web\/wp-json\/wp\/v2\/comments?post=386"}],"version-history":[{"count":0,"href":"https:\/\/ligamercedina.com\/web\/wp-json\/wp\/v2\/posts\/386\/revisions"}],"wp:attachment":[{"href":"https:\/\/ligamercedina.com\/web\/wp-json\/wp\/v2\/media?parent=386"}],"wp:term":[{"taxonomy":"category","embeddable":true,"href":"https:\/\/ligamercedina.com\/web\/wp-json\/wp\/v2\/categories?post=386"},{"taxonomy":"post_tag","embeddable":true,"href":"https:\/\/ligamercedina.com\/web\/wp-json\/wp\/v2\/tags?post=386"}],"curies":[{"name":"wp","href":"https:\/\/api.w.org\/{rel}","templated":true}]}}