{"id":3857,"date":"2010-06-22T21:20:55","date_gmt":"2010-06-23T00:20:55","guid":{"rendered":"https:\/\/ligamercedina.com\/?p=3857"},"modified":"2010-06-22T21:20:55","modified_gmt":"2010-06-23T00:20:55","slug":"fallo-del-tribunal-de-penas","status":"publish","type":"post","link":"https:\/\/ligamercedina.com\/web\/fallo-del-tribunal-de-penas\/","title":{"rendered":"FALLO DEL TRIBUNAL DE PENAS"},"content":{"rendered":"<ul>\n<strong>\tLIGA MERCEDINA DE FUTBOL<br \/>\n\t\t\t\tBOLETIN NRO. 12 BIS<br \/>\n\t\t\t    TRIBUNAL DE DISCIPLINA<br \/>\n\t\t\t\t\t31\/03\/2010<\/strong><\/ul>\n<p>En la ciudad de Mercedes, provincia de Buenos Aires, a los 18 d\u00edas del  mes de junio del a\u00f1o 2010 se reune el Honorable Tribunal de Penas de la Liga Mercedina de Futbol, presidido por el Sr. Pedro Zoni y con la presencia del Sr. Facundo Mendez con el objeto de tratar las novedades informadas, correspondientes al Torneo Apertura 2010 en todas sus divisionales :<\/p>\n<p><strong>NOTAS INGRESADAS:<\/strong> Del Club Mercedes solicitando reconsideraci\u00f3n de sanciones impuestas a los jugadores Rosendo Regueiro, Gabino Regueiro y German Stopiello<\/p>\n<p><strong>RESOLUCIONES:<\/strong><br \/>\n* Que el pedido de reconsideraci\u00f3n  que se trata se basa en la mala conformaci\u00f2n de los informes arbitrales, no encontr\u00e0ndose en condiciones de ser fallado en las actuales circunstancias, por intermedio de la Liga Mercedina solic\u00ectase a Milenio Media, la remisi\u00f2n de una copia del partido de primera divisi\u00f2n entre los Clubes Mercedes y El Fronton<\/p>\n<p>PEDRO L. ZONI (Presidente) &#8211; JUAN C. LOPEZ LIMA (Vicepresidente en uso licencia) &#8211; FACUNDO MENDEZ  (Vocal)<\/p>\n","protected":false},"excerpt":{"rendered":"<p>LIGA MERCEDINA DE FUTBOL BOLETIN NRO. 12 BIS TRIBUNAL DE DISCIPLINA 31\/03\/2010 En la ciudad de Mercedes, provincia de Buenos Aires, a los 18 d\u00edas del mes de junio del a\u00f1o 2010 se reune el Honorable Tribunal de Penas de la Liga Mercedina de Futbol, presidido por el Sr. Pedro Zoni y con la presencia del Sr. Facundo Mendez con<\/p>\n","protected":false},"author":1,"featured_media":0,"comment_status":"open","ping_status":"open","sticky":false,"template":"","format":"standard","meta":{"footnotes":""},"categories":[4],"tags":[],"class_list":["post-3857","post","type-post","status-publish","format-standard","hentry","category-informaciongeneral"],"_links":{"self":[{"href":"https:\/\/ligamercedina.com\/web\/wp-json\/wp\/v2\/posts\/3857","targetHints":{"allow":["GET"]}}],"collection":[{"href":"https:\/\/ligamercedina.com\/web\/wp-json\/wp\/v2\/posts"}],"about":[{"href":"https:\/\/ligamercedina.com\/web\/wp-json\/wp\/v2\/types\/post"}],"author":[{"embeddable":true,"href":"https:\/\/ligamercedina.com\/web\/wp-json\/wp\/v2\/users\/1"}],"replies":[{"embeddable":true,"href":"https:\/\/ligamercedina.com\/web\/wp-json\/wp\/v2\/comments?post=3857"}],"version-history":[{"count":0,"href":"https:\/\/ligamercedina.com\/web\/wp-json\/wp\/v2\/posts\/3857\/revisions"}],"wp:attachment":[{"href":"https:\/\/ligamercedina.com\/web\/wp-json\/wp\/v2\/media?parent=3857"}],"wp:term":[{"taxonomy":"category","embeddable":true,"href":"https:\/\/ligamercedina.com\/web\/wp-json\/wp\/v2\/categories?post=3857"},{"taxonomy":"post_tag","embeddable":true,"href":"https:\/\/ligamercedina.com\/web\/wp-json\/wp\/v2\/tags?post=3857"}],"curies":[{"name":"wp","href":"https:\/\/api.w.org\/{rel}","templated":true}]}}