{"id":38551,"date":"2025-07-19T22:19:36","date_gmt":"2025-07-20T01:19:36","guid":{"rendered":"https:\/\/ligamercedina.com\/web\/?p=38551"},"modified":"2025-07-20T00:56:04","modified_gmt":"2025-07-20T03:56:04","slug":"triangular-permanencia-1-fecha","status":"publish","type":"post","link":"https:\/\/ligamercedina.com\/web\/triangular-permanencia-1-fecha\/","title":{"rendered":"Triangular Permanencia &#8211; 1\u00b0 fecha"},"content":{"rendered":"<p><strong><a href=\"https:\/\/ligamercedina.com\/web\/wp-content\/uploads\/2025\/07\/IMG_6510-scaled.jpg\"><img loading=\"lazy\" decoding=\"async\" class=\"aligncenter size-large wp-image-38553\" src=\"https:\/\/ligamercedina.com\/web\/wp-content\/uploads\/2025\/07\/IMG_6510-1024x683.jpg\" alt=\"\" width=\"860\" height=\"574\" srcset=\"https:\/\/ligamercedina.com\/web\/wp-content\/uploads\/2025\/07\/IMG_6510-1024x683.jpg 1024w, https:\/\/ligamercedina.com\/web\/wp-content\/uploads\/2025\/07\/IMG_6510-300x200.jpg 300w, https:\/\/ligamercedina.com\/web\/wp-content\/uploads\/2025\/07\/IMG_6510-768x512.jpg 768w, https:\/\/ligamercedina.com\/web\/wp-content\/uploads\/2025\/07\/IMG_6510-1536x1024.jpg 1536w, https:\/\/ligamercedina.com\/web\/wp-content\/uploads\/2025\/07\/IMG_6510-2048x1365.jpg 2048w\" sizes=\"auto, (max-width: 860px) 100vw, 860px\" \/><\/a>All Haz 4:<\/strong> Nicol\u00e1s Acu\u00f1a 2, Enzo Labayr\u00fa y Mat\u00edas Romero.<br \/>\n<strong>Atl\u00e9tico Rodr\u00edguez 1:<\/strong> Lucas Parilla.<\/p>\n<p><strong>Libre:<\/strong> Carteros.<\/p>\n","protected":false},"excerpt":{"rendered":"<p>All Haz 4: Nicol\u00e1s Acu\u00f1a 2, Enzo Labayr\u00fa y Mat\u00edas Romero. Atl\u00e9tico Rodr\u00edguez 1: Lucas Parilla. Libre: Carteros.<\/p>\n","protected":false},"author":2,"featured_media":0,"comment_status":"open","ping_status":"open","sticky":false,"template":"","format":"standard","meta":{"footnotes":""},"categories":[4],"tags":[114,129],"class_list":["post-38551","post","type-post","status-publish","format-standard","hentry","category-informaciongeneral","tag-liga-mercedina-de-futbol","tag-permanencia"],"_links":{"self":[{"href":"https:\/\/ligamercedina.com\/web\/wp-json\/wp\/v2\/posts\/38551","targetHints":{"allow":["GET"]}}],"collection":[{"href":"https:\/\/ligamercedina.com\/web\/wp-json\/wp\/v2\/posts"}],"about":[{"href":"https:\/\/ligamercedina.com\/web\/wp-json\/wp\/v2\/types\/post"}],"author":[{"embeddable":true,"href":"https:\/\/ligamercedina.com\/web\/wp-json\/wp\/v2\/users\/2"}],"replies":[{"embeddable":true,"href":"https:\/\/ligamercedina.com\/web\/wp-json\/wp\/v2\/comments?post=38551"}],"version-history":[{"count":3,"href":"https:\/\/ligamercedina.com\/web\/wp-json\/wp\/v2\/posts\/38551\/revisions"}],"predecessor-version":[{"id":38555,"href":"https:\/\/ligamercedina.com\/web\/wp-json\/wp\/v2\/posts\/38551\/revisions\/38555"}],"wp:attachment":[{"href":"https:\/\/ligamercedina.com\/web\/wp-json\/wp\/v2\/media?parent=38551"}],"wp:term":[{"taxonomy":"category","embeddable":true,"href":"https:\/\/ligamercedina.com\/web\/wp-json\/wp\/v2\/categories?post=38551"},{"taxonomy":"post_tag","embeddable":true,"href":"https:\/\/ligamercedina.com\/web\/wp-json\/wp\/v2\/tags?post=38551"}],"curies":[{"name":"wp","href":"https:\/\/api.w.org\/{rel}","templated":true}]}}