{"id":38423,"date":"2025-07-12T21:57:53","date_gmt":"2025-07-13T00:57:53","guid":{"rendered":"https:\/\/ligamercedina.com\/web\/?p=38423"},"modified":"2025-07-14T09:33:34","modified_gmt":"2025-07-14T12:33:34","slug":"resultados-de-reserva-13-de-primera-y-14-de-segunda","status":"publish","type":"post","link":"https:\/\/ligamercedina.com\/web\/resultados-de-reserva-13-de-primera-y-14-de-segunda\/","title":{"rendered":"Resultados de Reserva &#8211; 13\u00b0 de Primera y 14\u00b0 de Segunda"},"content":{"rendered":"<p><strong><span style=\"color: #0000ff;\">Torneo de Primera<\/span><\/strong><br \/>\n<strong>Club Mercedes 0<\/strong>.<br \/>\n<strong>Estudiantes 1:<\/strong> Francisco Gallardo.<\/p>\n<p><strong>Palometas 2:<\/strong> Facundo Pinto y Juan Bondanza.<br \/>\n<strong>El Front\u00f3n 0.<\/strong><\/p>\n<p><strong>Villa Manchi 2:<\/strong> Sergio G\u00f3mez y Lorenzo Lescano.<br \/>\n<strong>Carteros 2:<\/strong> Pablo D\u00edaz 2.<\/p>\n<p><strong>Defensores 5:<\/strong> Franco Maineri, Mateo Arismendi y Alejo Gramajo 3.<br \/>\n<strong>Juventud 3:<\/strong> Esteban Cotta 3.<\/p>\n<p><span style=\"color: #0000ff;\"><strong><span style=\"color: #333300;\">All Haz 1.<\/span><br \/>\n<span style=\"color: #333300;\">Jorge Newbery 3.<br \/>\n<a href=\"https:\/\/ligamercedina.com\/web\/wp-content\/uploads\/2025\/07\/Primera-division-A-Reserva-1-1.jpg\"><img loading=\"lazy\" decoding=\"async\" class=\"aligncenter size-full wp-image-38461\" src=\"https:\/\/ligamercedina.com\/web\/wp-content\/uploads\/2025\/07\/Primera-division-A-Reserva-1-1.jpg\" alt=\"\" width=\"640\" height=\"427\" srcset=\"https:\/\/ligamercedina.com\/web\/wp-content\/uploads\/2025\/07\/Primera-division-A-Reserva-1-1.jpg 640w, https:\/\/ligamercedina.com\/web\/wp-content\/uploads\/2025\/07\/Primera-division-A-Reserva-1-1-300x200.jpg 300w\" sizes=\"auto, (max-width: 640px) 100vw, 640px\" \/><\/a><br \/>\nLos cruces<br \/>\n<\/span><\/strong><span style=\"color: #333300;\">Palometas vs. Jorge Newbery<\/span><span style=\"color: #333300;\"><br \/>\nVilla Manchi vs. Defensores<br \/>\nEl Front\u00f3n vs. Carteros<br \/>\n<\/span><span style=\"color: #333300;\">Trocha vs. Club Mercedes<\/span><strong><span style=\"color: #333300;\"><br \/>\n<\/span><\/strong><\/span><\/p>\n<p><span style=\"color: #0000ff;\"><strong>Torneo de Segunda<\/strong><\/span><br \/>\n<strong>San Bernardo 1:<\/strong> R\u00edos.<br \/>\n<strong>Uni\u00f3n 0<\/strong>.<\/p>\n<p><strong>Holanda 1:<\/strong> Benjam\u00edn Castillo Ferrari.<br \/>\n<strong>AMEFIP 0<\/strong>.<\/p>\n<p><strong>Gowland 1:<\/strong> Ren\u00e9 Ferreira.<br \/>\n<strong>Quilmes 1:<\/strong> Ariel Pita.<\/p>\n<p><strong>Ateneo 0.<\/strong><br \/>\n<strong>Pabell\u00f3n 0.<br \/>\n<a href=\"https:\/\/ligamercedina.com\/web\/wp-content\/uploads\/2025\/07\/Segunda-division-A-Reserva_1.jpg\"><img loading=\"lazy\" decoding=\"async\" class=\"aligncenter size-full wp-image-38459\" src=\"https:\/\/ligamercedina.com\/web\/wp-content\/uploads\/2025\/07\/Segunda-division-A-Reserva_1.jpg\" alt=\"\" width=\"740\" height=\"352\" srcset=\"https:\/\/ligamercedina.com\/web\/wp-content\/uploads\/2025\/07\/Segunda-division-A-Reserva_1.jpg 740w, https:\/\/ligamercedina.com\/web\/wp-content\/uploads\/2025\/07\/Segunda-division-A-Reserva_1-300x143.jpg 300w\" sizes=\"auto, (max-width: 740px) 100vw, 740px\" \/><\/a><br \/>\n<\/strong><\/p>\n","protected":false},"excerpt":{"rendered":"<p>Torneo de Primera Club Mercedes 0. Estudiantes 1: Francisco Gallardo. Palometas 2: Facundo Pinto y Juan Bondanza. El Front\u00f3n 0. Villa Manchi 2: Sergio G\u00f3mez y Lorenzo Lescano. Carteros 2: Pablo D\u00edaz 2. Defensores 5: Franco Maineri, Mateo Arismendi y Alejo Gramajo 3. Juventud 3: Esteban Cotta 3. All Haz 1. Jorge Newbery 3. Los cruces Palometas vs. Jorge Newbery<\/p>\n","protected":false},"author":2,"featured_media":0,"comment_status":"open","ping_status":"open","sticky":false,"template":"","format":"standard","meta":{"footnotes":""},"categories":[4],"tags":[114],"class_list":["post-38423","post","type-post","status-publish","format-standard","hentry","category-informaciongeneral","tag-liga-mercedina-de-futbol"],"_links":{"self":[{"href":"https:\/\/ligamercedina.com\/web\/wp-json\/wp\/v2\/posts\/38423","targetHints":{"allow":["GET"]}}],"collection":[{"href":"https:\/\/ligamercedina.com\/web\/wp-json\/wp\/v2\/posts"}],"about":[{"href":"https:\/\/ligamercedina.com\/web\/wp-json\/wp\/v2\/types\/post"}],"author":[{"embeddable":true,"href":"https:\/\/ligamercedina.com\/web\/wp-json\/wp\/v2\/users\/2"}],"replies":[{"embeddable":true,"href":"https:\/\/ligamercedina.com\/web\/wp-json\/wp\/v2\/comments?post=38423"}],"version-history":[{"count":7,"href":"https:\/\/ligamercedina.com\/web\/wp-json\/wp\/v2\/posts\/38423\/revisions"}],"predecessor-version":[{"id":38462,"href":"https:\/\/ligamercedina.com\/web\/wp-json\/wp\/v2\/posts\/38423\/revisions\/38462"}],"wp:attachment":[{"href":"https:\/\/ligamercedina.com\/web\/wp-json\/wp\/v2\/media?parent=38423"}],"wp:term":[{"taxonomy":"category","embeddable":true,"href":"https:\/\/ligamercedina.com\/web\/wp-json\/wp\/v2\/categories?post=38423"},{"taxonomy":"post_tag","embeddable":true,"href":"https:\/\/ligamercedina.com\/web\/wp-json\/wp\/v2\/tags?post=38423"}],"curies":[{"name":"wp","href":"https:\/\/api.w.org\/{rel}","templated":true}]}}