{"id":384,"date":"2008-04-01T17:12:29","date_gmt":"2008-04-01T20:12:29","guid":{"rendered":"https:\/\/ligamercedina.com\/?p=384"},"modified":"2008-04-01T17:12:29","modified_gmt":"2008-04-01T20:12:29","slug":"el-lunes-se-definen-los-horarios-para-los-arranques-de-primera-y-tercera-division","status":"publish","type":"post","link":"https:\/\/ligamercedina.com\/web\/el-lunes-se-definen-los-horarios-para-los-arranques-de-primera-y-tercera-division\/","title":{"rendered":"EL LUNES SE DEFINEN LOS HORARIOS PARA LOS ARRANQUES DE PRIMERA Y TERCERA DIVISION"},"content":{"rendered":"<blockquote><p><strong>A partir de la hora 20, el pr\u00f3ximo lunes se realizar\u00e1 una reuni\u00f3n de delegados de los equipos de Primera y Tercera Divisi\u00f3n donde quedar\u00e1n confirmados los horarios y canchas para el comienzo de los cert\u00e1menes, previstos para el s\u00e1bado 12 de abril.<br \/>\nDesde la Liga se informa que en las reuniones solo podr\u00e1n estar presentes aquellos delegados que cuenten con la correspondiente acreditaci\u00f3n de sus propias instituciones, a la vez que ser\u00e1 la Comisi\u00f3n Directiva la encargada de definir los horarios.<br \/>\nEl Presidente de la Liga Jorge Cerfoglio dej\u00f3 en claro que aquellos equipos que en el Apertura jueguen los d\u00edas s\u00e1bado, en el Clausura lo har\u00e1n los d\u00edas domingos, y viceversa; aunque la Liga tambi\u00e9n tiene la facultad de modificar esa programaci\u00f3n en diferentes circunstancias, como por ejemplo, situaciones de definici\u00f3n de los campeonatos.<br \/>\nDiez ser\u00e1n los equipos que participar\u00e1n en el torneo de Tercera, y doce en el de Primera.<\/p>\n<p><a href=\"https:\/\/ligamercedina.com\/?page_id=10\">FIXTURE DE PRIMERA DIVISION<\/p>\n<p><\/a><a href=\"https:\/\/ligamercedina.com\/?page_id=67\">FIXTURE DE TERCERA DIVISION<br \/>\n<\/a><\/strong><\/p><\/blockquote>\n","protected":false},"excerpt":{"rendered":"<p>A partir de la hora 20, el pr\u00f3ximo lunes se realizar\u00e1 una reuni\u00f3n de delegados de los equipos de Primera y Tercera Divisi\u00f3n donde quedar\u00e1n confirmados los horarios y canchas para el comienzo de los cert\u00e1menes, previstos para el s\u00e1bado 12 de abril. Desde la Liga se informa que en las reuniones solo podr\u00e1n estar presentes aquellos delegados que cuenten<\/p>\n","protected":false},"author":1,"featured_media":0,"comment_status":"open","ping_status":"open","sticky":false,"template":"","format":"standard","meta":{"footnotes":""},"categories":[4],"tags":[],"class_list":["post-384","post","type-post","status-publish","format-standard","hentry","category-informaciongeneral"],"_links":{"self":[{"href":"https:\/\/ligamercedina.com\/web\/wp-json\/wp\/v2\/posts\/384","targetHints":{"allow":["GET"]}}],"collection":[{"href":"https:\/\/ligamercedina.com\/web\/wp-json\/wp\/v2\/posts"}],"about":[{"href":"https:\/\/ligamercedina.com\/web\/wp-json\/wp\/v2\/types\/post"}],"author":[{"embeddable":true,"href":"https:\/\/ligamercedina.com\/web\/wp-json\/wp\/v2\/users\/1"}],"replies":[{"embeddable":true,"href":"https:\/\/ligamercedina.com\/web\/wp-json\/wp\/v2\/comments?post=384"}],"version-history":[{"count":0,"href":"https:\/\/ligamercedina.com\/web\/wp-json\/wp\/v2\/posts\/384\/revisions"}],"wp:attachment":[{"href":"https:\/\/ligamercedina.com\/web\/wp-json\/wp\/v2\/media?parent=384"}],"wp:term":[{"taxonomy":"category","embeddable":true,"href":"https:\/\/ligamercedina.com\/web\/wp-json\/wp\/v2\/categories?post=384"},{"taxonomy":"post_tag","embeddable":true,"href":"https:\/\/ligamercedina.com\/web\/wp-json\/wp\/v2\/tags?post=384"}],"curies":[{"name":"wp","href":"https:\/\/api.w.org\/{rel}","templated":true}]}}