{"id":3814,"date":"2010-06-01T22:17:59","date_gmt":"2010-06-02T01:17:59","guid":{"rendered":"https:\/\/ligamercedina.com\/?p=3814"},"modified":"2010-06-01T22:17:59","modified_gmt":"2010-06-02T01:17:59","slug":"en-el-inicio-del-mundial-no-habra-actividad","status":"publish","type":"post","link":"https:\/\/ligamercedina.com\/web\/en-el-inicio-del-mundial-no-habra-actividad\/","title":{"rendered":"EN EL INICIO DEL MUNDIAL NO HABRA ACTIVIDAD"},"content":{"rendered":"<blockquote><p><strong>Hace minutos finaliz\u00f3 en la sede de la Liga Mercedina una reuni\u00f3n donde se dio tratamiento a diferentes cuestiones. Entre ellas se defini\u00f3 que no habr\u00e1 actividad mientras dure la participaci\u00f3n de la selecci\u00f3n argentina en la Copa Mundial de Selecciones.<br \/>\nDe todas formas este fin de semana se desarrollar\u00e1 la actividad con los horarios que hab\u00edan sido programados para el pasado fin de semana. AMPLIAREMOS LO TRATADO EN LA REUNION<\/strong><\/p><\/blockquote>\n","protected":false},"excerpt":{"rendered":"<p>Hace minutos finaliz\u00f3 en la sede de la Liga Mercedina una reuni\u00f3n donde se dio tratamiento a diferentes cuestiones. Entre ellas se defini\u00f3 que no habr\u00e1 actividad mientras dure la participaci\u00f3n de la selecci\u00f3n argentina en la Copa Mundial de Selecciones. De todas formas este fin de semana se desarrollar\u00e1 la actividad con los horarios que hab\u00edan sido programados para<\/p>\n","protected":false},"author":1,"featured_media":0,"comment_status":"open","ping_status":"open","sticky":false,"template":"","format":"standard","meta":{"footnotes":""},"categories":[4],"tags":[],"class_list":["post-3814","post","type-post","status-publish","format-standard","hentry","category-informaciongeneral"],"_links":{"self":[{"href":"https:\/\/ligamercedina.com\/web\/wp-json\/wp\/v2\/posts\/3814","targetHints":{"allow":["GET"]}}],"collection":[{"href":"https:\/\/ligamercedina.com\/web\/wp-json\/wp\/v2\/posts"}],"about":[{"href":"https:\/\/ligamercedina.com\/web\/wp-json\/wp\/v2\/types\/post"}],"author":[{"embeddable":true,"href":"https:\/\/ligamercedina.com\/web\/wp-json\/wp\/v2\/users\/1"}],"replies":[{"embeddable":true,"href":"https:\/\/ligamercedina.com\/web\/wp-json\/wp\/v2\/comments?post=3814"}],"version-history":[{"count":3,"href":"https:\/\/ligamercedina.com\/web\/wp-json\/wp\/v2\/posts\/3814\/revisions"}],"predecessor-version":[{"id":14005,"href":"https:\/\/ligamercedina.com\/web\/wp-json\/wp\/v2\/posts\/3814\/revisions\/14005"}],"wp:attachment":[{"href":"https:\/\/ligamercedina.com\/web\/wp-json\/wp\/v2\/media?parent=3814"}],"wp:term":[{"taxonomy":"category","embeddable":true,"href":"https:\/\/ligamercedina.com\/web\/wp-json\/wp\/v2\/categories?post=3814"},{"taxonomy":"post_tag","embeddable":true,"href":"https:\/\/ligamercedina.com\/web\/wp-json\/wp\/v2\/tags?post=3814"}],"curies":[{"name":"wp","href":"https:\/\/api.w.org\/{rel}","templated":true}]}}