{"id":38111,"date":"2025-06-22T20:30:39","date_gmt":"2025-06-22T23:30:39","guid":{"rendered":"https:\/\/ligamercedina.com\/web\/?p=38111"},"modified":"2025-06-26T19:07:39","modified_gmt":"2025-06-26T22:07:39","slug":"horarios-para-el-fin-de-semana-197","status":"publish","type":"post","link":"https:\/\/ligamercedina.com\/web\/horarios-para-el-fin-de-semana-197\/","title":{"rendered":"HORARIOS PARA EL FIN DE SEMANA"},"content":{"rendered":"<h3 style=\"text-align: center;\"><span style=\"color: #ff0000;\"><strong>PRIMERA DIVISION<\/strong><\/span><\/h3>\n<p><em><strong>S\u00e1bado 28 de junio, cancha Liga Mercedina<\/strong><\/em><br \/>\n13:45 hs. Deportivo Gowland Vs. Holanda<br \/>\n15:45 hs. Mercedes Vs. V\u00e9lez<!--more--><\/p>\n<p><em><strong>S\u00e1bado 28 de junio, cancha El Front\u00f3n<\/strong><\/em><br \/>\n14:00 hs. El Front\u00f3n Vs. Atl\u00e9tico Rodr\u00edguez<\/p>\n<p><em><strong>S\u00e1bado 28 de junio, cancha El Tim\u00f3n<\/strong><\/em><br \/>\n15:30 hs. El Tim\u00f3n Vs. Jorge Newbery<\/p>\n<p><em><strong>S\u00e1bado 28 de junio, cancha La Tijera<\/strong><\/em><br \/>\n16:30 hs. La Tijera Vs. Uni\u00f3n<\/p>\n<p><em><strong>S\u00e1bado 28 de junio, cancha Ateneo<\/strong><\/em><br \/>\n18:00 hs. Ateneo Vs. Quilmes<\/p>\n<p><em><strong>Domingo 29 de junio, cancha V\u00e9lez<\/strong><\/em><br \/>\n14:30 hs. San Bernardo Vs. AMEFIP<\/p>\n<p><em><strong>Domingo 29 de junio, cancha Liga Mercedina<\/strong><\/em><br \/>\n13:00 hs. Defensores Vs. Carteros<br \/>\n15:00 hs. Palometas Vs. Estudiantes<br \/>\n17:00 hs. Trocha Vs. Juventud<\/p>\n<p><em><strong>Martes 1 de julio, cancha Liga Mercedina<\/strong><\/em><br \/>\n21:00 hs. All Haz Vs. Villa Manchi<\/p>\n<h3 style=\"text-align: center;\"><span style=\"color: #ff0000;\"><strong>RESERVA<\/strong><\/span><\/h3>\n<p><em><strong>Viernes 27 de junio, cancha Ateneo<\/strong><\/em><br \/>\n19:00 hs. Ateneo Vs. Quilmes<\/p>\n<p><em><strong>S\u00e1bado 28 de junio, cancha El Tim\u00f3n<\/strong><\/em><br \/>\n13:30 hs. El Tim\u00f3n Vs. Jorge Newbery<\/p>\n<p><em><strong>S\u00e1bado 28 de junio, cancha Trocha<\/strong><\/em><br \/>\n14:00 hs. Trocha Vs. Juventud<\/p>\n<p><em><strong>S\u00e1bado 28 de junio, cancha Uni\u00f3n<\/strong><\/em><br \/>\n15:45 hs. San Bernardo Vs. AMEFIP<\/p>\n<p><em><strong>S\u00e1bado 28 de junio, cancha Liga Mercedina<\/strong><\/em><br \/>\n17:45 hs. Deportivo Gowland Vs. Holanda<\/p>\n<p><em><strong>S\u00e1bado 28 de junio, cancha El Front\u00f3n<\/strong><\/em><br \/>\n16:00 hs. El Front\u00f3n Vs. Atl\u00e9tico Rodr\u00edguez<\/p>\n<p><em><strong>S\u00e1bado 28 de junio, cancha Palometas<\/strong><\/em><br \/>\n16:30 hs. Palometas Vs. Estudiantes<\/p>\n<p><em><strong>S\u00e1bado 28 de junio, cancha Defensores<\/strong><\/em><br \/>\n17:45 hs. Defensores Vs. Carteros<\/p>\n<p><em><strong>S\u00e1bado 28 de junio, cancha Mercedes<\/strong><\/em><br \/>\n18:30 hs. Mercedes Vs. V\u00e9lez<\/p>\n<p><em><strong>S\u00e1bado 28 de junio, cancha La Tijera<\/strong><\/em><br \/>\n18:30 hs. La Tijera Vs. Uni\u00f3n<\/p>\n<p><em><strong>Martes 1 de julio, cancha Liga<\/strong><\/em><br \/>\n19:15 hs. All Haz Vs. Villa Manchi<\/p>\n<h3 style=\"text-align: center;\"><span style=\"color: #ff0000;\"><strong>INFANTO &#8211; JUVENIL<\/strong><\/span><\/h3>\n<p style=\"text-align: left;\"><strong>Ateneo &#8211; El Front\u00f3n<\/strong><br \/>\n13:00 hs. Categor\u00eda 2017<br \/>\n14:00 hs. Categor\u00eda 2016<br \/>\n15:00 hs. Categor\u00eda 2015<br \/>\n16:00 hs. Categor\u00eda 2014<\/p>\n<p>11:00 hs. Categor\u00eda 2013<br \/>\n12:15 hs. Categor\u00eda 2012<br \/>\n13:30 hs. Categor\u00eda 2011<br \/>\n14:45 hs. Categor\u00eda 2010<br \/>\n16:00 hs. Categor\u00eda 5\u00aa<\/p>\n<p><strong>Jorge Newbery &#8211; Juventud<\/strong><br \/>\n11:00 hs. Categor\u00eda 2012<br \/>\n12:15 hs. Categor\u00eda 2011<br \/>\n13:30 hs. Categor\u00eda 2010<br \/>\n14:45 hs. Categor\u00eda 5\u00aa<\/p>\n<p><strong>Defensores &#8211; Pabell\u00f3n Argentino<\/strong><br \/>\n11:00 hs. Categor\u00eda 2013<br \/>\n12:15 hs. Categor\u00eda 2012<br \/>\n13:30 hs. Categor\u00eda 2011<br \/>\n14:45 hs. Categor\u00eda 2010<br \/>\n16:00 hs. Categor\u00eda 5\u00aa<\/p>\n<p><strong>Uni\u00f3n &#8211; Talleres<\/strong><br \/>\n13:00 hs. Categor\u00eda 2017<br \/>\n14:00 hs. Categor\u00eda 2016<br \/>\n15:00 hs. Categor\u00eda 2015<br \/>\n16:00 hs. Categor\u00eda 2014<\/p>\n<p>13:00 hs. Categor\u00eda 2013<br \/>\n14:15 hs. Categor\u00eda 2012<\/p>\n<p><strong>Holanda &#8211; Villa Manchi<\/strong><br \/>\n13:00 hs. Categor\u00eda 2017<br \/>\n14:00 hs. Categor\u00eda 2015<\/p>\n<p>13:00 hs. Categor\u00eda 2010<br \/>\n14:15 hs. Categor\u00eda 5\u00aa<\/p>\n<p><strong>Palometas &#8211; V\u00e9lez<\/strong><br \/>\n13:00 hs. Categor\u00eda 2017<br \/>\n14:00 hs. Categor\u00eda 2016<br \/>\n15:00 hs. Categor\u00eda 2015<br \/>\n16:00 hs. Categor\u00eda 2014<\/p>\n<p>11:00 hs. Categor\u00eda 2013<br \/>\n12:15 hs. Categor\u00eda 2012<br \/>\n13:30 hs. Categor\u00eda 2010<br \/>\n14:45 hs. Categor\u00eda 5\u00aa<\/p>\n<p><strong>Mercedes &#8211; Quilmes<\/strong><br \/>\n13:00 hs. Categor\u00eda 2017<br \/>\n14:00 hs. Categor\u00eda 2016<br \/>\n15:00 hs. Categor\u00eda 2015<br \/>\n16:00 hs. Categor\u00eda 2014<\/p>\n<p>11:00 hs. Categor\u00eda 2013<br \/>\n12:15 hs. Categor\u00eda 2012<br \/>\n13:30 hs. Categor\u00eda 2011<br \/>\n14:45 hs. Categor\u00eda 2010<\/p>\n<p><strong>Carteros &#8211; Trocha<\/strong><br \/>\n13:00 hs. Categor\u00eda 2017<br \/>\n14:00 hs. Categor\u00eda 2016<br \/>\n15:00 hs. Categor\u00eda 2015<br \/>\n16:00 hs. Categor\u00eda 2014<\/p>\n<p>11:00 hs. Categor\u00eda 2012<br \/>\n12:15 hs. Categor\u00eda 2013<br \/>\n13:30 hs. Categor\u00eda 2010<\/p>\n<p><strong>Deportivo Gowland &#8211; El Tim\u00f3n<\/strong><br \/>\n12:00 hs. Categor\u00eda 2012<br \/>\n13:15 hs. Categor\u00eda 5\u00aa<\/p>\n<p><strong>La Tijera &#8211; Estudiantes<\/strong><br \/>\n11:00 hs. Categor\u00eda 2013<br \/>\n12:15 hs. Categor\u00eda 2012<br \/>\n13:30 hs. Categor\u00eda 2010<br \/>\n14:45 hs. Categor\u00eda 5\u00aa<\/p>\n<h3 style=\"text-align: center;\"><span style=\"color: #ff0000;\"><strong>PRIMERA FEMENINO<\/strong><\/span><\/h3>\n<p><em><strong>S\u00e1bado 28 de junio, cancha Trocha<\/strong><\/em><br \/>\n16:00 hs. Trocha Vs. Defensores<\/p>\n<p><em><strong>S\u00e1bado 28 de junio, cancha Mercedes<\/strong><\/em><br \/>\n16:45 hs. Mercedes Vs. Palometas<\/p>\n<p>&nbsp;<\/p>\n<h3 style=\"text-align: center;\"><span style=\"color: #ff0000;\"><strong>INFERIORES FEMENINO<\/strong><\/span><\/h3>\n<p>&nbsp;<\/p>\n<p><strong>Cancha Carteros<\/strong><br \/>\n14:00 hs. -SUB 12- Carteros Vs. Cer\u00e1mica<\/p>\n<p>15:00 hs. -SUB 16- Carteros Vs. Cer\u00e1mica<\/p>\n<p><strong>Cancha Defensores<\/strong><br \/>\n11:00 hs. -SUB 12- Defensores Vs. Villa Manchi<br \/>\n12:00 hs. -SUB 14- Defensores Vs. Villa Manchi<\/p>\n<p>10:00 hs. -SUB 16- Defensores Vs. Villa Manchi<\/p>\n<p><strong>Cancha Palometas<\/strong><br \/>\n11:00 hs. -SUB 14- Palometas Vs. Trocha<br \/>\n12:00 hs. -SUB 12- Palometas Blanco Vs. Trocha Azul<\/p>\n<p>-SUB 16- Palometas Vs. Trocha (Postergado)<\/p>\n<p><strong>Cancha Deportivo Gowland<\/strong><br \/>\n12:00 hs. -SUB 12- Dep. Gowland Vs. Holanda<br \/>\n13:00 hs. -SUB 14- Dep. Gowland Vs. Palometas Bord\u00f3<\/p>\n<p><strong>Cancha Social Dep. Nicol\u00e1s<\/strong><br \/>\n11:00 hs. -SUB 12- Social Dep. Nicol\u00e1s Vs. Trocha Rojo<br \/>\n12:001 hs. -SUB 14- Social Dep. Nicol\u00e1s Vs. Estudiantes<\/p>\n","protected":false},"excerpt":{"rendered":"<p>PRIMERA DIVISION S\u00e1bado 28 de junio, cancha Liga Mercedina 13:45 hs. Deportivo Gowland Vs. Holanda 15:45 hs. Mercedes Vs. V\u00e9lez<\/p>\n","protected":false},"author":2,"featured_media":0,"comment_status":"open","ping_status":"open","sticky":false,"template":"","format":"standard","meta":{"footnotes":""},"categories":[4],"tags":[],"class_list":["post-38111","post","type-post","status-publish","format-standard","hentry","category-informaciongeneral"],"_links":{"self":[{"href":"https:\/\/ligamercedina.com\/web\/wp-json\/wp\/v2\/posts\/38111","targetHints":{"allow":["GET"]}}],"collection":[{"href":"https:\/\/ligamercedina.com\/web\/wp-json\/wp\/v2\/posts"}],"about":[{"href":"https:\/\/ligamercedina.com\/web\/wp-json\/wp\/v2\/types\/post"}],"author":[{"embeddable":true,"href":"https:\/\/ligamercedina.com\/web\/wp-json\/wp\/v2\/users\/2"}],"replies":[{"embeddable":true,"href":"https:\/\/ligamercedina.com\/web\/wp-json\/wp\/v2\/comments?post=38111"}],"version-history":[{"count":21,"href":"https:\/\/ligamercedina.com\/web\/wp-json\/wp\/v2\/posts\/38111\/revisions"}],"predecessor-version":[{"id":38169,"href":"https:\/\/ligamercedina.com\/web\/wp-json\/wp\/v2\/posts\/38111\/revisions\/38169"}],"wp:attachment":[{"href":"https:\/\/ligamercedina.com\/web\/wp-json\/wp\/v2\/media?parent=38111"}],"wp:term":[{"taxonomy":"category","embeddable":true,"href":"https:\/\/ligamercedina.com\/web\/wp-json\/wp\/v2\/categories?post=38111"},{"taxonomy":"post_tag","embeddable":true,"href":"https:\/\/ligamercedina.com\/web\/wp-json\/wp\/v2\/tags?post=38111"}],"curies":[{"name":"wp","href":"https:\/\/api.w.org\/{rel}","templated":true}]}}