{"id":37985,"date":"2025-06-15T21:06:21","date_gmt":"2025-06-16T00:06:21","guid":{"rendered":"https:\/\/ligamercedina.com\/web\/?p=37985"},"modified":"2025-06-15T21:06:21","modified_gmt":"2025-06-16T00:06:21","slug":"resultados-de-segunda-11-fecha","status":"publish","type":"post","link":"https:\/\/ligamercedina.com\/web\/resultados-de-segunda-11-fecha\/","title":{"rendered":"Resultados de Segunda &#8211; 11\u00b0 fecha"},"content":{"rendered":"<p><strong>San mart\u00edn 3:<\/strong> Agust\u00edn Atpai, Dami\u00e1n G\u00f3mez y Braian S\u00e1nchez.<br \/>\n<strong>Ateneo 0<\/strong>.<\/p>\n","protected":false},"excerpt":{"rendered":"<p>San mart\u00edn 3: Agust\u00edn Atpai, Dami\u00e1n G\u00f3mez y Braian S\u00e1nchez. Ateneo 0.<\/p>\n","protected":false},"author":2,"featured_media":0,"comment_status":"open","ping_status":"open","sticky":false,"template":"","format":"standard","meta":{"footnotes":""},"categories":[4],"tags":[114,122],"class_list":["post-37985","post","type-post","status-publish","format-standard","hentry","category-informaciongeneral","tag-liga-mercedina-de-futbol","tag-segunda-division-a"],"_links":{"self":[{"href":"https:\/\/ligamercedina.com\/web\/wp-json\/wp\/v2\/posts\/37985","targetHints":{"allow":["GET"]}}],"collection":[{"href":"https:\/\/ligamercedina.com\/web\/wp-json\/wp\/v2\/posts"}],"about":[{"href":"https:\/\/ligamercedina.com\/web\/wp-json\/wp\/v2\/types\/post"}],"author":[{"embeddable":true,"href":"https:\/\/ligamercedina.com\/web\/wp-json\/wp\/v2\/users\/2"}],"replies":[{"embeddable":true,"href":"https:\/\/ligamercedina.com\/web\/wp-json\/wp\/v2\/comments?post=37985"}],"version-history":[{"count":1,"href":"https:\/\/ligamercedina.com\/web\/wp-json\/wp\/v2\/posts\/37985\/revisions"}],"predecessor-version":[{"id":37986,"href":"https:\/\/ligamercedina.com\/web\/wp-json\/wp\/v2\/posts\/37985\/revisions\/37986"}],"wp:attachment":[{"href":"https:\/\/ligamercedina.com\/web\/wp-json\/wp\/v2\/media?parent=37985"}],"wp:term":[{"taxonomy":"category","embeddable":true,"href":"https:\/\/ligamercedina.com\/web\/wp-json\/wp\/v2\/categories?post=37985"},{"taxonomy":"post_tag","embeddable":true,"href":"https:\/\/ligamercedina.com\/web\/wp-json\/wp\/v2\/tags?post=37985"}],"curies":[{"name":"wp","href":"https:\/\/api.w.org\/{rel}","templated":true}]}}