{"id":3798,"date":"2010-05-27T23:19:13","date_gmt":"2010-05-28T02:19:13","guid":{"rendered":"https:\/\/ligamercedina.com\/?p=3798"},"modified":"2010-05-27T23:19:13","modified_gmt":"2010-05-28T02:19:13","slug":"arbitros-para-el-fin-de-semana","status":"publish","type":"post","link":"https:\/\/ligamercedina.com\/web\/arbitros-para-el-fin-de-semana\/","title":{"rendered":"ARBITROS PARA EL FIN DE SEMANA"},"content":{"rendered":"<blockquote><p><strong>PRIMERA DIVISION<\/strong><\/p><\/blockquote>\n<p>Quilmes Vs. San Marcos FC: <strong>Eduardo Aguirre, Fabi\u00e1n Romero y Mariano Marcelo<\/strong><br \/>\nPabell\u00f2n Argentino Vs. V\u00e9lez Sarsfield: <strong>Fabi\u00e1n Romero, Eduardo Aguirre y Mariano Marcelo<\/strong><br \/>\nComunicaciones Vs. Cruzados FC: <strong>Javier Mihura y asistentes de SADRA<\/strong><br \/>\nEstudiantes Vs. Los Palometas: <strong>arbitro de SADRA, Javier Mihura y otro asistente de SADRA<\/strong><br \/>\nClub Mercedes Vs. El Front\u00f3n: <strong>arbitro de SADRA, Javier Mihura y otro asistente de SADRA<\/strong><br \/>\nJuventud Vs. Ateneo: <strong>Franco Prieto, An\u00edbal Mart\u00ednez y Claudio Su\u00e1rez<\/strong><\/p>\n<blockquote><p><strong>RESERVA<\/strong><\/p><\/blockquote>\n<p><em><strong><br \/>\nMercedes Vs. El Front\u00f3n: <\/strong><strong>Daniel Balvidares y Carlos Ugliarolo<\/strong><br \/>\nQuilmes Vs. San Marcos: <strong>Daniel Balvidares y Carlos Ugliarolo<\/strong><br \/>\nEstudiantes Vs. Los Palometas: <strong>Franco Prieto y Javier Mihura<\/strong><br \/>\nComunicacionces Vs. Cruzados FC: <strong>Franco Prieto y Javier Mihura<\/strong><br \/>\nJuventud Vs. Ateneo: <strong>An\u00edbal Mart\u00ednez, Franco Prieto y Claudio Su\u00e1rez<\/strong><br \/>\nPabell\u00f2n Argentino Vs. V\u00e8lez Sarsfield: <strong>Liga del Oeste<\/strong><\/p>\n<blockquote><p><strong>FUTBOL INFANTIL<\/strong><\/p><\/blockquote>\n<p><\/em><em><strong>Cancha de 9<\/strong><\/em><br \/>\nV\u00e9lez Vs. Ateneo: <strong>Fernando Basualdo<\/strong><br \/>\nUni\u00f3n Vs. El Front\u00f3n: <strong>Marcelo Aguero<\/strong><br \/>\nMercedes Vs. Comunicaciones: <strong>Mart\u00edn Ju\u00e1res<\/strong><br \/>\nEstudiantes Vs. Quilmes: <strong>Julio Padula<\/strong><br \/>\nJuventud Vs. Mercedes \u00abA\u00bb: <strong>Miguel Contreras<\/strong><\/p>\n<p><em><strong>Cancha de 11<\/strong><\/em><br \/>\nV\u00e9lez Vs. Ateneo: <strong>An\u00edbal Mart\u00ednez y un integrante de SADRA<\/strong><br \/>\nMercedes Vs. Comunicaciones: <strong>Ernesto Callegari y un integrante de SADRA<\/strong><br \/>\nEstudiantes Vs. Quilmes: <strong>Claudio Su\u00e1rez y un integrante de SADRA<\/strong><br \/>\nJuventud Vs. Mercedes \u00abA\u00bb: Carlos Pocarressi y Sebasti\u00e1n Ceballos<br \/>\nUni\u00f3n Vs. El Front\u00f3n: <strong>Marcelo Aguero y Alejandro Burnel<\/strong><\/p>\n","protected":false},"excerpt":{"rendered":"<p>PRIMERA DIVISION Quilmes Vs. San Marcos FC: Eduardo Aguirre, Fabi\u00e1n Romero y Mariano Marcelo Pabell\u00f2n Argentino Vs. V\u00e9lez Sarsfield: Fabi\u00e1n Romero, Eduardo Aguirre y Mariano Marcelo Comunicaciones Vs. Cruzados FC: Javier Mihura y asistentes de SADRA Estudiantes Vs. Los Palometas: arbitro de SADRA, Javier Mihura y otro asistente de SADRA Club Mercedes Vs. El Front\u00f3n: arbitro de SADRA, Javier Mihura<\/p>\n","protected":false},"author":1,"featured_media":0,"comment_status":"open","ping_status":"open","sticky":false,"template":"","format":"standard","meta":{"footnotes":""},"categories":[4],"tags":[],"class_list":["post-3798","post","type-post","status-publish","format-standard","hentry","category-informaciongeneral"],"_links":{"self":[{"href":"https:\/\/ligamercedina.com\/web\/wp-json\/wp\/v2\/posts\/3798","targetHints":{"allow":["GET"]}}],"collection":[{"href":"https:\/\/ligamercedina.com\/web\/wp-json\/wp\/v2\/posts"}],"about":[{"href":"https:\/\/ligamercedina.com\/web\/wp-json\/wp\/v2\/types\/post"}],"author":[{"embeddable":true,"href":"https:\/\/ligamercedina.com\/web\/wp-json\/wp\/v2\/users\/1"}],"replies":[{"embeddable":true,"href":"https:\/\/ligamercedina.com\/web\/wp-json\/wp\/v2\/comments?post=3798"}],"version-history":[{"count":5,"href":"https:\/\/ligamercedina.com\/web\/wp-json\/wp\/v2\/posts\/3798\/revisions"}],"predecessor-version":[{"id":3802,"href":"https:\/\/ligamercedina.com\/web\/wp-json\/wp\/v2\/posts\/3798\/revisions\/3802"}],"wp:attachment":[{"href":"https:\/\/ligamercedina.com\/web\/wp-json\/wp\/v2\/media?parent=3798"}],"wp:term":[{"taxonomy":"category","embeddable":true,"href":"https:\/\/ligamercedina.com\/web\/wp-json\/wp\/v2\/categories?post=3798"},{"taxonomy":"post_tag","embeddable":true,"href":"https:\/\/ligamercedina.com\/web\/wp-json\/wp\/v2\/tags?post=3798"}],"curies":[{"name":"wp","href":"https:\/\/api.w.org\/{rel}","templated":true}]}}