{"id":3793,"date":"2010-05-27T17:00:52","date_gmt":"2010-05-27T20:00:52","guid":{"rendered":"https:\/\/ligamercedina.com\/?p=3793"},"modified":"2010-05-27T17:00:52","modified_gmt":"2010-05-27T20:00:52","slug":"horarios-para-el-fin-de-semana-54","status":"publish","type":"post","link":"https:\/\/ligamercedina.com\/web\/horarios-para-el-fin-de-semana-54\/","title":{"rendered":"HORARIOS PARA EL FIN DE SEMANA CON REPROGRAMACIONES"},"content":{"rendered":"<blockquote><p><strong>PRIMERA DIVISION<\/strong><\/p><\/blockquote>\n<p><em><strong>S\u00e0bado, Cancha Liga<\/strong><\/em><br \/>\n13:30 hs. Quilmes Vs. San Marcos FC<br \/>\n15:30 hs. Pabell\u00f2n Argentino Vs. V\u00e9lez Sarsfield<\/p>\n<p><em><strong>Domingo, Cancha Liga<\/strong><\/em><br \/>\n11 hs. Comunicaciones Vs. Cruzados FC<br \/>\n13 hs. Estudiantes Vs. Los Palometas<br \/>\n15 hs. Club Mercedes Vs. El Front\u00f3n<\/p>\n<p><em><strong>Cancha Juventud<\/strong><\/em><br \/>\n15 hs. Juventud Vs. Ateneo<\/p>\n<blockquote><p><strong>RESERVA<\/strong><\/p><\/blockquote>\n<p><em><strong><\/p>\n<p><em><strong>Cancha Quilmes<\/strong><\/em><br \/>\n13:00 hs. Club Mercedes Vs. El Front\u00f3n<br \/>\n15:00 hs. Quilmes Vs. San Marcos<\/p>\n<p><\/strong><strong>REPROGRAMADOS<\/strong><br \/>\n<\/em><em><strong>Cancha Comunicaciones<\/strong><\/em><br \/>\n13:00 hs. Estudiantes Vs. Los Palometas<br \/>\n15:00 hs. Comunicacionces Vs. Cruzados FC<\/p>\n<p><em><strong>Cancha Pabell\u00f3n Argentino<\/strong><\/em><br \/>\n15 hs. Pabell\u00f2n Argentino Vs. V\u00e8lez Sarsfield<\/p>\n<p><em><strong>Domingo, cancha Juventud<\/strong><\/em><br \/>\n13 hs. Juventud Vs. Ateneo<\/p>\n<blockquote><p><strong>FUTBOL INFANTIL<\/strong><\/p><\/blockquote>\n<p>Cancha de 9: V\u00e9lez Vs. Ateneo, Uni\u00f3n Vs. El Front\u00f3n, Mercedes Vs. Comunicaciones, Estudiantes Vs. Quilmes, Juventud Vs. Mercedes \u00abA\u00bb<\/p>\n<p>Categor\u00eda 2002: 13 hs.<br \/>\nCategor\u00eda 2001: 14 hs.<br \/>\nCategor\u00eda 2000: 15 hs.<br \/>\nCategor\u00eda 99: 16 hs.<\/p>\n<p>Cancha de 11: V\u00e9lez Vs. Ateneo,  Mercedes Vs. Comunicaciones, Estudiantes Vs. Quilmes, Juventud Vs. Mercedes \u00abA\u00bb<\/p>\n<p>Categor\u00eda 98: 11:00 hs.<br \/>\nCategor\u00eda 97: 12:00 hs.<br \/>\nCategor\u00eda 93-94: 13:15 hs.<br \/>\nCategor\u00eda 96: 14:45 hs.<br \/>\nCategor\u00eda 95: 16:00 hs.<\/p>\n<p>Uni\u00f3n Vs. El Front\u00f3n (C\u00e1ncha de Quilmes)<br \/>\nCategor\u00eda 98: 11 hs.<br \/>\nCategor\u00eda 97: 12 hs.<\/p>\n","protected":false},"excerpt":{"rendered":"<p>PRIMERA DIVISION S\u00e0bado, Cancha Liga 13:30 hs. Quilmes Vs. San Marcos FC 15:30 hs. Pabell\u00f2n Argentino Vs. V\u00e9lez Sarsfield Domingo, Cancha Liga 11 hs. Comunicaciones Vs. Cruzados FC 13 hs. Estudiantes Vs. Los Palometas 15 hs. Club Mercedes Vs. El Front\u00f3n Cancha Juventud 15 hs. Juventud Vs. Ateneo RESERVA Cancha Quilmes 13:00 hs. Club Mercedes Vs. El Front\u00f3n 15:00 hs.<\/p>\n","protected":false},"author":1,"featured_media":0,"comment_status":"open","ping_status":"open","sticky":false,"template":"","format":"standard","meta":{"footnotes":""},"categories":[4],"tags":[],"class_list":["post-3793","post","type-post","status-publish","format-standard","hentry","category-informaciongeneral"],"_links":{"self":[{"href":"https:\/\/ligamercedina.com\/web\/wp-json\/wp\/v2\/posts\/3793","targetHints":{"allow":["GET"]}}],"collection":[{"href":"https:\/\/ligamercedina.com\/web\/wp-json\/wp\/v2\/posts"}],"about":[{"href":"https:\/\/ligamercedina.com\/web\/wp-json\/wp\/v2\/types\/post"}],"author":[{"embeddable":true,"href":"https:\/\/ligamercedina.com\/web\/wp-json\/wp\/v2\/users\/1"}],"replies":[{"embeddable":true,"href":"https:\/\/ligamercedina.com\/web\/wp-json\/wp\/v2\/comments?post=3793"}],"version-history":[{"count":5,"href":"https:\/\/ligamercedina.com\/web\/wp-json\/wp\/v2\/posts\/3793\/revisions"}],"predecessor-version":[{"id":3806,"href":"https:\/\/ligamercedina.com\/web\/wp-json\/wp\/v2\/posts\/3793\/revisions\/3806"}],"wp:attachment":[{"href":"https:\/\/ligamercedina.com\/web\/wp-json\/wp\/v2\/media?parent=3793"}],"wp:term":[{"taxonomy":"category","embeddable":true,"href":"https:\/\/ligamercedina.com\/web\/wp-json\/wp\/v2\/categories?post=3793"},{"taxonomy":"post_tag","embeddable":true,"href":"https:\/\/ligamercedina.com\/web\/wp-json\/wp\/v2\/tags?post=3793"}],"curies":[{"name":"wp","href":"https:\/\/api.w.org\/{rel}","templated":true}]}}