{"id":37874,"date":"2025-06-09T10:19:40","date_gmt":"2025-06-09T13:19:40","guid":{"rendered":"https:\/\/ligamercedina.com\/web\/?p=37874"},"modified":"2025-06-10T15:43:02","modified_gmt":"2025-06-10T18:43:02","slug":"infanto-juvenil-partidos-pendientes","status":"publish","type":"post","link":"https:\/\/ligamercedina.com\/web\/infanto-juvenil-partidos-pendientes\/","title":{"rendered":"Infanto Juvenil &#8211; partidos pendientes"},"content":{"rendered":"<p><strong><span style=\"color: #0000ff;\">Jugados el domingo 8 de junio<\/span><\/strong><\/p>\n<p><strong>Categor\u00eda 2015<\/strong><br \/>\nTrocha 4 &#8211; Quilmes 0.<\/p>\n<p><strong>Categor\u00eda 2014<\/strong><br \/>\nTrocha 1 &#8211; Quilmes 1.<\/p>\n<p><strong>Categor\u00eda 2013<\/strong><br \/>\nTrocha 0 &#8211; Quilmes 3.<br \/>\nMercedes 0 &#8211; Pabell\u00f3n 0.<\/p>\n<p><strong>Categor\u00eda 2012<\/strong><br \/>\nTrocha 0 &#8211; Quilmes 0.<br \/>\nDefensores 6 &#8211; Tim\u00f3n 1.<br \/>\nMercedes 2 &#8211; Pabell\u00f3n 3.<\/p>\n<p><strong>Categor\u00eda 2011<\/strong><br \/>\nTrocha 0 &#8211; Quilmes 6.<br \/>\nDefensores 0 &#8211; Tim\u00f3n 2.<br \/>\nMercedes 3 &#8211; Pabell\u00f3n 0.<\/p>\n<p><strong>Categor\u00eda 2010<\/strong><br \/>\nTrocha 1 &#8211; Quilmes 3.<br \/>\nDefensores 1 &#8211; El Tim\u00f3n 0.<br \/>\nMercedes 2 &#8211; Pabell\u00f3n 3.<\/p>\n<p><strong>Quinta Divisi\u00f3n<\/strong><br \/>\nTrocha 2 &#8211; San Mart\u00edn 0 (suspendido).<br \/>\nDefensores 1 &#8211; El Tim\u00f3n 0.<br \/>\nMercedes 0 &#8211; Pabell\u00f3n 2.<br \/>\n<a href=\"https:\/\/ligamercedina.com\/web\/wp-content\/uploads\/2025\/06\/2015-1.jpg\"><img loading=\"lazy\" decoding=\"async\" class=\"aligncenter size-full wp-image-37907\" src=\"https:\/\/ligamercedina.com\/web\/wp-content\/uploads\/2025\/06\/2015-1.jpg\" alt=\"\" width=\"448\" height=\"388\" srcset=\"https:\/\/ligamercedina.com\/web\/wp-content\/uploads\/2025\/06\/2015-1.jpg 448w, https:\/\/ligamercedina.com\/web\/wp-content\/uploads\/2025\/06\/2015-1-300x260.jpg 300w\" sizes=\"auto, (max-width: 448px) 100vw, 448px\" \/><\/a><a href=\"https:\/\/ligamercedina.com\/web\/wp-content\/uploads\/2025\/06\/2014-1.jpg\"><img loading=\"lazy\" decoding=\"async\" class=\"aligncenter size-full wp-image-37908\" src=\"https:\/\/ligamercedina.com\/web\/wp-content\/uploads\/2025\/06\/2014-1.jpg\" alt=\"\" width=\"453\" height=\"424\" srcset=\"https:\/\/ligamercedina.com\/web\/wp-content\/uploads\/2025\/06\/2014-1.jpg 453w, https:\/\/ligamercedina.com\/web\/wp-content\/uploads\/2025\/06\/2014-1-300x281.jpg 300w\" sizes=\"auto, (max-width: 453px) 100vw, 453px\" \/><\/a><a href=\"https:\/\/ligamercedina.com\/web\/wp-content\/uploads\/2025\/06\/2013-2.jpg\"><img loading=\"lazy\" decoding=\"async\" class=\"aligncenter size-full wp-image-37909\" src=\"https:\/\/ligamercedina.com\/web\/wp-content\/uploads\/2025\/06\/2013-2.jpg\" alt=\"\" width=\"447\" height=\"449\" srcset=\"https:\/\/ligamercedina.com\/web\/wp-content\/uploads\/2025\/06\/2013-2.jpg 447w, https:\/\/ligamercedina.com\/web\/wp-content\/uploads\/2025\/06\/2013-2-300x300.jpg 300w, https:\/\/ligamercedina.com\/web\/wp-content\/uploads\/2025\/06\/2013-2-150x150.jpg 150w, https:\/\/ligamercedina.com\/web\/wp-content\/uploads\/2025\/06\/2013-2-90x90.jpg 90w, https:\/\/ligamercedina.com\/web\/wp-content\/uploads\/2025\/06\/2013-2-75x75.jpg 75w\" sizes=\"auto, (max-width: 447px) 100vw, 447px\" \/><\/a><a href=\"https:\/\/ligamercedina.com\/web\/wp-content\/uploads\/2025\/06\/2012-3.jpg\"><img loading=\"lazy\" decoding=\"async\" class=\"aligncenter size-full wp-image-37911\" src=\"https:\/\/ligamercedina.com\/web\/wp-content\/uploads\/2025\/06\/2012-3.jpg\" alt=\"\" width=\"453\" height=\"524\" srcset=\"https:\/\/ligamercedina.com\/web\/wp-content\/uploads\/2025\/06\/2012-3.jpg 453w, https:\/\/ligamercedina.com\/web\/wp-content\/uploads\/2025\/06\/2012-3-259x300.jpg 259w\" sizes=\"auto, (max-width: 453px) 100vw, 453px\" \/><\/a><a href=\"https:\/\/ligamercedina.com\/web\/wp-content\/uploads\/2025\/06\/2011-1.jpg\"><img loading=\"lazy\" decoding=\"async\" class=\"aligncenter size-full wp-image-37912\" src=\"https:\/\/ligamercedina.com\/web\/wp-content\/uploads\/2025\/06\/2011-1.jpg\" alt=\"\" width=\"425\" height=\"424\" srcset=\"https:\/\/ligamercedina.com\/web\/wp-content\/uploads\/2025\/06\/2011-1.jpg 425w, https:\/\/ligamercedina.com\/web\/wp-content\/uploads\/2025\/06\/2011-1-300x300.jpg 300w, https:\/\/ligamercedina.com\/web\/wp-content\/uploads\/2025\/06\/2011-1-150x150.jpg 150w, https:\/\/ligamercedina.com\/web\/wp-content\/uploads\/2025\/06\/2011-1-90x90.jpg 90w, https:\/\/ligamercedina.com\/web\/wp-content\/uploads\/2025\/06\/2011-1-75x75.jpg 75w\" sizes=\"auto, (max-width: 425px) 100vw, 425px\" \/><\/a><a href=\"https:\/\/ligamercedina.com\/web\/wp-content\/uploads\/2025\/06\/2010-1.jpg\"><img loading=\"lazy\" decoding=\"async\" class=\"aligncenter size-full wp-image-37913\" src=\"https:\/\/ligamercedina.com\/web\/wp-content\/uploads\/2025\/06\/2010-1.jpg\" alt=\"\" width=\"437\" height=\"504\" srcset=\"https:\/\/ligamercedina.com\/web\/wp-content\/uploads\/2025\/06\/2010-1.jpg 437w, https:\/\/ligamercedina.com\/web\/wp-content\/uploads\/2025\/06\/2010-1-260x300.jpg 260w\" sizes=\"auto, (max-width: 437px) 100vw, 437px\" \/><\/a><a href=\"https:\/\/ligamercedina.com\/web\/wp-content\/uploads\/2025\/06\/quinta-2.jpg\"><img loading=\"lazy\" decoding=\"async\" class=\"aligncenter size-full wp-image-37914\" src=\"https:\/\/ligamercedina.com\/web\/wp-content\/uploads\/2025\/06\/quinta-2.jpg\" alt=\"\" width=\"462\" height=\"448\" srcset=\"https:\/\/ligamercedina.com\/web\/wp-content\/uploads\/2025\/06\/quinta-2.jpg 462w, https:\/\/ligamercedina.com\/web\/wp-content\/uploads\/2025\/06\/quinta-2-300x291.jpg 300w\" sizes=\"auto, (max-width: 462px) 100vw, 462px\" \/><\/a><\/p>\n","protected":false},"excerpt":{"rendered":"<p>Jugados el domingo 8 de junio Categor\u00eda 2015 Trocha 4 &#8211; Quilmes 0. Categor\u00eda 2014 Trocha 1 &#8211; Quilmes 1. Categor\u00eda 2013 Trocha 0 &#8211; Quilmes 3. Mercedes 0 &#8211; Pabell\u00f3n 0. Categor\u00eda 2012 Trocha 0 &#8211; Quilmes 0. Defensores 6 &#8211; Tim\u00f3n 1. Mercedes 2 &#8211; Pabell\u00f3n 3. Categor\u00eda 2011 Trocha 0 &#8211; Quilmes 6. Defensores 0 &#8211; Tim\u00f3n<\/p>\n","protected":false},"author":2,"featured_media":0,"comment_status":"open","ping_status":"open","sticky":false,"template":"","format":"standard","meta":{"footnotes":""},"categories":[4],"tags":[116,114],"class_list":["post-37874","post","type-post","status-publish","format-standard","hentry","category-informaciongeneral","tag-infanto-juvenil","tag-liga-mercedina-de-futbol"],"_links":{"self":[{"href":"https:\/\/ligamercedina.com\/web\/wp-json\/wp\/v2\/posts\/37874","targetHints":{"allow":["GET"]}}],"collection":[{"href":"https:\/\/ligamercedina.com\/web\/wp-json\/wp\/v2\/posts"}],"about":[{"href":"https:\/\/ligamercedina.com\/web\/wp-json\/wp\/v2\/types\/post"}],"author":[{"embeddable":true,"href":"https:\/\/ligamercedina.com\/web\/wp-json\/wp\/v2\/users\/2"}],"replies":[{"embeddable":true,"href":"https:\/\/ligamercedina.com\/web\/wp-json\/wp\/v2\/comments?post=37874"}],"version-history":[{"count":5,"href":"https:\/\/ligamercedina.com\/web\/wp-json\/wp\/v2\/posts\/37874\/revisions"}],"predecessor-version":[{"id":37915,"href":"https:\/\/ligamercedina.com\/web\/wp-json\/wp\/v2\/posts\/37874\/revisions\/37915"}],"wp:attachment":[{"href":"https:\/\/ligamercedina.com\/web\/wp-json\/wp\/v2\/media?parent=37874"}],"wp:term":[{"taxonomy":"category","embeddable":true,"href":"https:\/\/ligamercedina.com\/web\/wp-json\/wp\/v2\/categories?post=37874"},{"taxonomy":"post_tag","embeddable":true,"href":"https:\/\/ligamercedina.com\/web\/wp-json\/wp\/v2\/tags?post=37874"}],"curies":[{"name":"wp","href":"https:\/\/api.w.org\/{rel}","templated":true}]}}