{"id":37763,"date":"2025-06-01T11:20:32","date_gmt":"2025-06-01T14:20:32","guid":{"rendered":"https:\/\/ligamercedina.com\/web\/?p=37763"},"modified":"2025-06-06T14:15:57","modified_gmt":"2025-06-06T17:15:57","slug":"infanto-juvenil-resultados-fecha-12-7","status":"publish","type":"post","link":"https:\/\/ligamercedina.com\/web\/infanto-juvenil-resultados-fecha-12-7\/","title":{"rendered":"INFANTO JUVENIL: RESULTADOS FECHA 12"},"content":{"rendered":"<div id=\"attachment_37801\" style=\"width: 870px\" class=\"wp-caption aligncenter\"><a href=\"https:\/\/ligamercedina.com\/web\/wp-content\/uploads\/2025\/06\/6fb19c74-5446-47f2-9c1b-a8ebdf0a5fb7.jpg\"><img loading=\"lazy\" decoding=\"async\" aria-describedby=\"caption-attachment-37801\" class=\"wp-image-37801 size-large\" src=\"https:\/\/ligamercedina.com\/web\/wp-content\/uploads\/2025\/06\/6fb19c74-5446-47f2-9c1b-a8ebdf0a5fb7-1024x485.jpg\" alt=\"\" width=\"860\" height=\"407\" srcset=\"https:\/\/ligamercedina.com\/web\/wp-content\/uploads\/2025\/06\/6fb19c74-5446-47f2-9c1b-a8ebdf0a5fb7-1024x485.jpg 1024w, https:\/\/ligamercedina.com\/web\/wp-content\/uploads\/2025\/06\/6fb19c74-5446-47f2-9c1b-a8ebdf0a5fb7-300x142.jpg 300w, https:\/\/ligamercedina.com\/web\/wp-content\/uploads\/2025\/06\/6fb19c74-5446-47f2-9c1b-a8ebdf0a5fb7-768x364.jpg 768w, https:\/\/ligamercedina.com\/web\/wp-content\/uploads\/2025\/06\/6fb19c74-5446-47f2-9c1b-a8ebdf0a5fb7-1536x728.jpg 1536w, https:\/\/ligamercedina.com\/web\/wp-content\/uploads\/2025\/06\/6fb19c74-5446-47f2-9c1b-a8ebdf0a5fb7.jpg 1600w\" sizes=\"auto, (max-width: 860px) 100vw, 860px\" \/><\/a><p id=\"caption-attachment-37801\" class=\"wp-caption-text\">Defensores 2017.<\/p><\/div>\n<p><strong>Categor\u00eda 2015<\/strong><br \/>\nPalometas 4 &#8211; Juventud 0<br \/>\nEstudiantes 2 &#8211; Quilmes 1<br \/>\nHolanda 1 &#8211; Ateneo 6<br \/>\nDefensores 5 &#8211; El Front\u00f3n 2<br \/>\nCarteros 6 &#8211; Talleres 0<br \/>\nDep. Gowland 0 &#8211; Villa Manchi 3<\/p>\n<p><strong>Categor\u00eda 2014<\/strong><br \/>\nPalometas 0 &#8211; Juventud 0<br \/>\nEstudiantes 0 &#8211; Quilmes 2<br \/>\nDefensores 0 &#8211; El Front\u00f3n 4<br \/>\nCarteros 2 &#8211; Talleres 1<br \/>\nDep. Gowland 0 &#8211; Villa Manchi 4<\/p>\n<p><strong>Categor\u00eda 2013<\/strong><br \/>\nPalometas 0 &#8211; Juventud 1<br \/>\nEstudiantes 0 &#8211; Quilmes 1<br \/>\nDefensores 0 &#8211; El Front\u00f3n 3<br \/>\nCarteros 2 &#8211; Talleres 2<br \/>\nLa Tijera 0 &#8211; V\u00e9lez 4<\/p>\n<p><strong>Categor\u00eda 2012<\/strong><br \/>\nPalometas 1 &#8211; Juventud 1<br \/>\nEstudiantes 1 &#8211; Quilmes 0<br \/>\nDefensores 6 &#8211; El Front\u00f3n 0<br \/>\nTrocha 3 &#8211; El Tim\u00f3n 1<br \/>\nUni\u00f3n 3 &#8211; Jorge Newbery 4<br \/>\nCarteros 2 &#8211; Talleres 0<br \/>\nDep. Gowland 1 &#8211; Villa Manchi 1<br \/>\nLa Tijera 0 &#8211; V\u00e9lez 3<\/p>\n<p><strong>Categor\u00eda 2011<\/strong><br \/>\nPalometas 3 &#8211; Juventud 2<br \/>\nEstudiantes 0 &#8211; Quilmes 3<br \/>\nDefensores 0 &#8211; El Front\u00f3n 1<br \/>\nTrocha 0 &#8211; El Tim\u00f3n 2<br \/>\nUni\u00f3n 2 &#8211; Jorge Newbery 0<\/p>\n<p><strong>Categor\u00eda 2010<\/strong><br \/>\nPalometas 2 &#8211; Juventud 2<br \/>\nEstudiantes 2 &#8211; Quilmes 3<br \/>\nHolanda 0 &#8211; Ateneo 6<br \/>\nDefensores 1 &#8211; El Front\u00f3n 4<br \/>\nTrocha 0 &#8211; El Tim\u00f3n 1<br \/>\nUni\u00f3n 2 &#8211; Jorge Newbery 0<br \/>\nLa Tijera 6 &#8211; V\u00e9lez 0<\/p>\n<p><strong>Categor\u00eda 5a<\/strong><br \/>\nPalometas 0 &#8211; Juventud 0<br \/>\nEstudiantes 1 &#8211; AMEFIP &#8211; Barrio San Mart\u00edn 0<br \/>\nHolanda 3 &#8211; Ateneo 4<br \/>\nDefensores 2 &#8211; El Front\u00f3n 1<br \/>\nTrocha 0 &#8211; El Tim\u00f3n 2<br \/>\nUni\u00f3n 4 &#8211; Jorge Newbery 2<br \/>\nDep. Gowland 0 &#8211; Villa Manchi 5<br \/>\nLa Tijera 0 &#8211; V\u00e9lez 2<br \/>\n<a href=\"https:\/\/ligamercedina.com\/web\/wp-content\/uploads\/2025\/06\/2015.jpg\"><img loading=\"lazy\" decoding=\"async\" class=\"aligncenter size-full wp-image-37803\" src=\"https:\/\/ligamercedina.com\/web\/wp-content\/uploads\/2025\/06\/2015.jpg\" alt=\"\" width=\"448\" height=\"388\" srcset=\"https:\/\/ligamercedina.com\/web\/wp-content\/uploads\/2025\/06\/2015.jpg 448w, https:\/\/ligamercedina.com\/web\/wp-content\/uploads\/2025\/06\/2015-300x260.jpg 300w\" sizes=\"auto, (max-width: 448px) 100vw, 448px\" \/><\/a><a href=\"https:\/\/ligamercedina.com\/web\/wp-content\/uploads\/2025\/06\/2014.jpg\"><img loading=\"lazy\" decoding=\"async\" class=\"aligncenter size-full wp-image-37804\" src=\"https:\/\/ligamercedina.com\/web\/wp-content\/uploads\/2025\/06\/2014.jpg\" alt=\"\" width=\"453\" height=\"424\" srcset=\"https:\/\/ligamercedina.com\/web\/wp-content\/uploads\/2025\/06\/2014.jpg 453w, https:\/\/ligamercedina.com\/web\/wp-content\/uploads\/2025\/06\/2014-300x281.jpg 300w\" sizes=\"auto, (max-width: 453px) 100vw, 453px\" \/><\/a><a href=\"https:\/\/ligamercedina.com\/web\/wp-content\/uploads\/2025\/06\/2013-1.jpg\"><img loading=\"lazy\" decoding=\"async\" class=\"aligncenter size-full wp-image-37819\" src=\"https:\/\/ligamercedina.com\/web\/wp-content\/uploads\/2025\/06\/2013-1.jpg\" alt=\"\" width=\"447\" height=\"449\" srcset=\"https:\/\/ligamercedina.com\/web\/wp-content\/uploads\/2025\/06\/2013-1.jpg 447w, https:\/\/ligamercedina.com\/web\/wp-content\/uploads\/2025\/06\/2013-1-300x300.jpg 300w, https:\/\/ligamercedina.com\/web\/wp-content\/uploads\/2025\/06\/2013-1-150x150.jpg 150w, https:\/\/ligamercedina.com\/web\/wp-content\/uploads\/2025\/06\/2013-1-90x90.jpg 90w, https:\/\/ligamercedina.com\/web\/wp-content\/uploads\/2025\/06\/2013-1-75x75.jpg 75w\" sizes=\"auto, (max-width: 447px) 100vw, 447px\" \/><\/a><a href=\"https:\/\/ligamercedina.com\/web\/wp-content\/uploads\/2025\/06\/2012-2.jpg\"><img loading=\"lazy\" decoding=\"async\" class=\"aligncenter size-full wp-image-37846\" src=\"https:\/\/ligamercedina.com\/web\/wp-content\/uploads\/2025\/06\/2012-2.jpg\" alt=\"\" width=\"453\" height=\"524\" srcset=\"https:\/\/ligamercedina.com\/web\/wp-content\/uploads\/2025\/06\/2012-2.jpg 453w, https:\/\/ligamercedina.com\/web\/wp-content\/uploads\/2025\/06\/2012-2-259x300.jpg 259w\" sizes=\"auto, (max-width: 453px) 100vw, 453px\" \/><\/a><a href=\"https:\/\/ligamercedina.com\/web\/wp-content\/uploads\/2025\/06\/2011.jpg\"><img loading=\"lazy\" decoding=\"async\" class=\"aligncenter size-full wp-image-37807\" src=\"https:\/\/ligamercedina.com\/web\/wp-content\/uploads\/2025\/06\/2011.jpg\" alt=\"\" width=\"425\" height=\"424\" srcset=\"https:\/\/ligamercedina.com\/web\/wp-content\/uploads\/2025\/06\/2011.jpg 425w, https:\/\/ligamercedina.com\/web\/wp-content\/uploads\/2025\/06\/2011-300x300.jpg 300w, https:\/\/ligamercedina.com\/web\/wp-content\/uploads\/2025\/06\/2011-150x150.jpg 150w, https:\/\/ligamercedina.com\/web\/wp-content\/uploads\/2025\/06\/2011-90x90.jpg 90w, https:\/\/ligamercedina.com\/web\/wp-content\/uploads\/2025\/06\/2011-75x75.jpg 75w\" sizes=\"auto, (max-width: 425px) 100vw, 425px\" \/><\/a><a href=\"https:\/\/ligamercedina.com\/web\/wp-content\/uploads\/2025\/06\/2010.jpg\"><img loading=\"lazy\" decoding=\"async\" class=\"aligncenter size-full wp-image-37808\" src=\"https:\/\/ligamercedina.com\/web\/wp-content\/uploads\/2025\/06\/2010.jpg\" alt=\"\" width=\"437\" height=\"504\" srcset=\"https:\/\/ligamercedina.com\/web\/wp-content\/uploads\/2025\/06\/2010.jpg 437w, https:\/\/ligamercedina.com\/web\/wp-content\/uploads\/2025\/06\/2010-260x300.jpg 260w\" sizes=\"auto, (max-width: 437px) 100vw, 437px\" \/><\/a><a href=\"https:\/\/ligamercedina.com\/web\/wp-content\/uploads\/2025\/06\/quinta-1.jpg\"><img loading=\"lazy\" decoding=\"async\" class=\"aligncenter size-full wp-image-37821\" src=\"https:\/\/ligamercedina.com\/web\/wp-content\/uploads\/2025\/06\/quinta-1.jpg\" alt=\"\" width=\"462\" height=\"448\" srcset=\"https:\/\/ligamercedina.com\/web\/wp-content\/uploads\/2025\/06\/quinta-1.jpg 462w, https:\/\/ligamercedina.com\/web\/wp-content\/uploads\/2025\/06\/quinta-1-300x291.jpg 300w\" sizes=\"auto, (max-width: 462px) 100vw, 462px\" \/><\/a><\/p>\n","protected":false},"excerpt":{"rendered":"<p>Categor\u00eda 2015 Palometas 4 &#8211; Juventud 0 Estudiantes 2 &#8211; Quilmes 1 Holanda 1 &#8211; Ateneo 6 Defensores 5 &#8211; El Front\u00f3n 2 Carteros 6 &#8211; Talleres 0 Dep. Gowland 0 &#8211; Villa Manchi 3 Categor\u00eda 2014 Palometas 0 &#8211; Juventud 0 Estudiantes 0 &#8211; Quilmes 2 Defensores 0 &#8211; El Front\u00f3n 4 Carteros 2 &#8211; Talleres 1 Dep. Gowland<\/p>\n","protected":false},"author":2,"featured_media":0,"comment_status":"open","ping_status":"open","sticky":false,"template":"","format":"standard","meta":{"footnotes":""},"categories":[4],"tags":[116,114],"class_list":["post-37763","post","type-post","status-publish","format-standard","hentry","category-informaciongeneral","tag-infanto-juvenil","tag-liga-mercedina-de-futbol"],"_links":{"self":[{"href":"https:\/\/ligamercedina.com\/web\/wp-json\/wp\/v2\/posts\/37763","targetHints":{"allow":["GET"]}}],"collection":[{"href":"https:\/\/ligamercedina.com\/web\/wp-json\/wp\/v2\/posts"}],"about":[{"href":"https:\/\/ligamercedina.com\/web\/wp-json\/wp\/v2\/types\/post"}],"author":[{"embeddable":true,"href":"https:\/\/ligamercedina.com\/web\/wp-json\/wp\/v2\/users\/2"}],"replies":[{"embeddable":true,"href":"https:\/\/ligamercedina.com\/web\/wp-json\/wp\/v2\/comments?post=37763"}],"version-history":[{"count":10,"href":"https:\/\/ligamercedina.com\/web\/wp-json\/wp\/v2\/posts\/37763\/revisions"}],"predecessor-version":[{"id":37847,"href":"https:\/\/ligamercedina.com\/web\/wp-json\/wp\/v2\/posts\/37763\/revisions\/37847"}],"wp:attachment":[{"href":"https:\/\/ligamercedina.com\/web\/wp-json\/wp\/v2\/media?parent=37763"}],"wp:term":[{"taxonomy":"category","embeddable":true,"href":"https:\/\/ligamercedina.com\/web\/wp-json\/wp\/v2\/categories?post=37763"},{"taxonomy":"post_tag","embeddable":true,"href":"https:\/\/ligamercedina.com\/web\/wp-json\/wp\/v2\/tags?post=37763"}],"curies":[{"name":"wp","href":"https:\/\/api.w.org\/{rel}","templated":true}]}}