{"id":37430,"date":"2025-05-03T23:48:36","date_gmt":"2025-05-04T02:48:36","guid":{"rendered":"https:\/\/ligamercedina.com\/web\/?p=37430"},"modified":"2025-05-05T09:53:07","modified_gmt":"2025-05-05T12:53:07","slug":"resultados-de-reserva-septima-fecha","status":"publish","type":"post","link":"https:\/\/ligamercedina.com\/web\/resultados-de-reserva-septima-fecha\/","title":{"rendered":"Resultados de Reserva &#8211; s\u00e9ptima fecha"},"content":{"rendered":"<div id=\"attachment_37466\" style=\"width: 870px\" class=\"wp-caption aligncenter\"><a href=\"https:\/\/ligamercedina.com\/web\/wp-content\/uploads\/2025\/05\/bb21fd88-609d-46eb-a0ad-c50d22c36535.jpg\"><img loading=\"lazy\" decoding=\"async\" aria-describedby=\"caption-attachment-37466\" class=\"wp-image-37466 size-large\" src=\"https:\/\/ligamercedina.com\/web\/wp-content\/uploads\/2025\/05\/bb21fd88-609d-46eb-a0ad-c50d22c36535-1024x485.jpg\" alt=\"\" width=\"860\" height=\"407\" srcset=\"https:\/\/ligamercedina.com\/web\/wp-content\/uploads\/2025\/05\/bb21fd88-609d-46eb-a0ad-c50d22c36535-1024x485.jpg 1024w, https:\/\/ligamercedina.com\/web\/wp-content\/uploads\/2025\/05\/bb21fd88-609d-46eb-a0ad-c50d22c36535-300x142.jpg 300w, https:\/\/ligamercedina.com\/web\/wp-content\/uploads\/2025\/05\/bb21fd88-609d-46eb-a0ad-c50d22c36535-768x364.jpg 768w, https:\/\/ligamercedina.com\/web\/wp-content\/uploads\/2025\/05\/bb21fd88-609d-46eb-a0ad-c50d22c36535-1536x728.jpg 1536w, https:\/\/ligamercedina.com\/web\/wp-content\/uploads\/2025\/05\/bb21fd88-609d-46eb-a0ad-c50d22c36535.jpg 1600w\" sizes=\"auto, (max-width: 860px) 100vw, 860px\" \/><\/a><p id=\"caption-attachment-37466\" class=\"wp-caption-text\">Villa Manchi en Reserva.<\/p><\/div>\n<p><strong><span style=\"color: #0000ff;\">Torneo de Primera<\/span><br \/>\nTrocha 0.<\/strong><br \/>\n<strong>Villa Manchi 0.<\/strong><\/p>\n<p><strong>Defensores Juniors 1:<\/strong> Serf\u00edn Bocca.<br \/>\n<strong>All Haz 1:<\/strong> Braian Cardozo.<\/p>\n<p><strong>Atl\u00e9tico Rodr\u00edguez 0.<\/strong><br \/>\n<strong>V\u00e9lez 4:<\/strong> Franco Maciel, Gabriel Carretero 2 y Jerem\u00edas Lescano.<\/p>\n<p><span style=\"color: #ff0000;\"><strong>Suspendidos<\/strong><\/span><br \/>\nClub Mercedes vs. El Tim\u00f3n.<br \/>\nEstudiantes vs. Juventud.<br \/>\n<a href=\"https:\/\/ligamercedina.com\/web\/wp-content\/uploads\/2025\/05\/Primera-division-A-Reserva-2.jpg\"><img loading=\"lazy\" decoding=\"async\" class=\"aligncenter size-full wp-image-37471\" src=\"https:\/\/ligamercedina.com\/web\/wp-content\/uploads\/2025\/05\/Primera-division-A-Reserva-2.jpg\" alt=\"\" width=\"637\" height=\"401\" srcset=\"https:\/\/ligamercedina.com\/web\/wp-content\/uploads\/2025\/05\/Primera-division-A-Reserva-2.jpg 637w, https:\/\/ligamercedina.com\/web\/wp-content\/uploads\/2025\/05\/Primera-division-A-Reserva-2-300x189.jpg 300w\" sizes=\"auto, (max-width: 637px) 100vw, 637px\" \/><\/a><\/p>\n<p><span style=\"color: #0000ff;\"><strong>Torneo de Segunda<\/strong><\/span><br \/>\n<strong>Pabell\u00f3n 7: <\/strong>Ignacio G\u00f3mez, Fabricio Graells 3, Benjam\u00edn Olgiati, Valent\u00edn Salpurido 2.<br \/>\n<strong>Gowland 0.<\/strong><\/p>\n<p><strong>Uni\u00f3n 3:<\/strong> Santiago Lecouna y Santiago Texira 2.<br \/>\n<strong>Holanda 2:<\/strong> Lucas Branchini y Thiago G\u00f3mez.<\/p>\n<p><span style=\"color: #ff0000;\">Suspendido<\/span><br \/>\nQuilmes vs. San Mart\u00edn.<\/p>\n<p><strong>Postergado<\/strong><br \/>\nLa Tijera vs. San Bernardo.<br \/>\n<a href=\"https:\/\/ligamercedina.com\/web\/wp-content\/uploads\/2025\/05\/Segunda-division-A-Reserva-2.jpg\"><img loading=\"lazy\" decoding=\"async\" class=\"aligncenter size-full wp-image-37472\" src=\"https:\/\/ligamercedina.com\/web\/wp-content\/uploads\/2025\/05\/Segunda-division-A-Reserva-2.jpg\" alt=\"\" width=\"638\" height=\"279\" srcset=\"https:\/\/ligamercedina.com\/web\/wp-content\/uploads\/2025\/05\/Segunda-division-A-Reserva-2.jpg 638w, https:\/\/ligamercedina.com\/web\/wp-content\/uploads\/2025\/05\/Segunda-division-A-Reserva-2-300x131.jpg 300w\" sizes=\"auto, (max-width: 638px) 100vw, 638px\" \/><\/a><\/p>\n<p>&nbsp;<\/p>\n","protected":false},"excerpt":{"rendered":"<p>Torneo de Primera Trocha 0. Villa Manchi 0. Defensores Juniors 1: Serf\u00edn Bocca. All Haz 1: Braian Cardozo. Atl\u00e9tico Rodr\u00edguez 0. V\u00e9lez 4: Franco Maciel, Gabriel Carretero 2 y Jerem\u00edas Lescano. Suspendidos Club Mercedes vs. El Tim\u00f3n. Estudiantes vs. Juventud. Torneo de Segunda Pabell\u00f3n 7: Ignacio G\u00f3mez, Fabricio Graells 3, Benjam\u00edn Olgiati, Valent\u00edn Salpurido 2. Gowland 0. Uni\u00f3n 3: Santiago<\/p>\n","protected":false},"author":2,"featured_media":0,"comment_status":"open","ping_status":"open","sticky":false,"template":"","format":"standard","meta":{"footnotes":""},"categories":[4],"tags":[114,123],"class_list":["post-37430","post","type-post","status-publish","format-standard","hentry","category-informaciongeneral","tag-liga-mercedina-de-futbol","tag-reserva"],"_links":{"self":[{"href":"https:\/\/ligamercedina.com\/web\/wp-json\/wp\/v2\/posts\/37430","targetHints":{"allow":["GET"]}}],"collection":[{"href":"https:\/\/ligamercedina.com\/web\/wp-json\/wp\/v2\/posts"}],"about":[{"href":"https:\/\/ligamercedina.com\/web\/wp-json\/wp\/v2\/types\/post"}],"author":[{"embeddable":true,"href":"https:\/\/ligamercedina.com\/web\/wp-json\/wp\/v2\/users\/2"}],"replies":[{"embeddable":true,"href":"https:\/\/ligamercedina.com\/web\/wp-json\/wp\/v2\/comments?post=37430"}],"version-history":[{"count":8,"href":"https:\/\/ligamercedina.com\/web\/wp-json\/wp\/v2\/posts\/37430\/revisions"}],"predecessor-version":[{"id":37473,"href":"https:\/\/ligamercedina.com\/web\/wp-json\/wp\/v2\/posts\/37430\/revisions\/37473"}],"wp:attachment":[{"href":"https:\/\/ligamercedina.com\/web\/wp-json\/wp\/v2\/media?parent=37430"}],"wp:term":[{"taxonomy":"category","embeddable":true,"href":"https:\/\/ligamercedina.com\/web\/wp-json\/wp\/v2\/categories?post=37430"},{"taxonomy":"post_tag","embeddable":true,"href":"https:\/\/ligamercedina.com\/web\/wp-json\/wp\/v2\/tags?post=37430"}],"curies":[{"name":"wp","href":"https:\/\/api.w.org\/{rel}","templated":true}]}}