{"id":37365,"date":"2025-05-01T20:57:54","date_gmt":"2025-05-01T23:57:54","guid":{"rendered":"https:\/\/ligamercedina.com\/web\/?p=37365"},"modified":"2025-05-02T10:35:48","modified_gmt":"2025-05-02T13:35:48","slug":"resultados-de-reserva-69","status":"publish","type":"post","link":"https:\/\/ligamercedina.com\/web\/resultados-de-reserva-69\/","title":{"rendered":"Resultados de Reserva"},"content":{"rendered":"<div id=\"attachment_37408\" style=\"width: 730px\" class=\"wp-caption aligncenter\"><a href=\"https:\/\/ligamercedina.com\/web\/wp-content\/uploads\/2025\/05\/sm.jpg\"><img loading=\"lazy\" decoding=\"async\" aria-describedby=\"caption-attachment-37408\" class=\"wp-image-37408 size-full\" src=\"https:\/\/ligamercedina.com\/web\/wp-content\/uploads\/2025\/05\/sm.jpg\" alt=\"\" width=\"720\" height=\"425\" srcset=\"https:\/\/ligamercedina.com\/web\/wp-content\/uploads\/2025\/05\/sm.jpg 720w, https:\/\/ligamercedina.com\/web\/wp-content\/uploads\/2025\/05\/sm-300x177.jpg 300w\" sizes=\"auto, (max-width: 720px) 100vw, 720px\" \/><\/a><p id=\"caption-attachment-37408\" class=\"wp-caption-text\">San Mart\u00edn.<\/p><\/div>\n<p><span style=\"color: #0000ff;\"><strong>Torneo de Primera<\/strong><\/span><\/p>\n<p><strong>V\u00e9lez 1:<\/strong> Franco Maciel<br \/>\n<strong>Estudiantes 4:<\/strong> Agust\u00edn Mallorqu\u00edn, Enzo Cretella 2 y V\u00edctor Gamarra.<\/p>\n<p><strong>Carteros 3:<\/strong> Mart\u00edn Zuleta, Tob\u00edas Navarro y Mauro Guerra.<br \/>\n<strong>El Front\u00f3n 1:<\/strong> Laureano Celaye en contra.<\/p>\n<p><strong>Defensores 2:<\/strong> Seraf\u00edn Bocca y Alejo Gramajo.<br \/>\n<strong>Club Mercedes 3:<\/strong> Juan Rubbo Respuela, Tom\u00e1s Acosta y Rom\u00e1n Cruz.<\/p>\n<p><strong>Palometas 2:<\/strong> Felipe Aschero 2.<br \/>\n<strong>Jorge Newbery 0<\/strong>.<br \/>\n<a href=\"https:\/\/ligamercedina.com\/web\/wp-content\/uploads\/2025\/05\/Primera-division-A-Reserva-1.jpg\"><img loading=\"lazy\" decoding=\"async\" class=\"aligncenter size-full wp-image-37418\" src=\"https:\/\/ligamercedina.com\/web\/wp-content\/uploads\/2025\/05\/Primera-division-A-Reserva-1.jpg\" alt=\"\" width=\"640\" height=\"402\" srcset=\"https:\/\/ligamercedina.com\/web\/wp-content\/uploads\/2025\/05\/Primera-division-A-Reserva-1.jpg 640w, https:\/\/ligamercedina.com\/web\/wp-content\/uploads\/2025\/05\/Primera-division-A-Reserva-1-300x188.jpg 300w\" sizes=\"auto, (max-width: 640px) 100vw, 640px\" \/><\/a><\/p>\n<p><span style=\"color: #0000ff;\"><strong>Torneo de Segunda<\/strong><\/span><\/p>\n<p><strong>Ateneo 3:<\/strong> Juan Silveyra, Lucas Bocaccio y Jerem\u00edas Mozzone.<br \/>\n<strong>Holanda 2:<\/strong> Lucas Ch\u00e1vez y Maximiliano Alvarez.<\/p>\n<p><strong>San Bernardo 4:<\/strong> Walter R\u00edos, Mat\u00edas Guillet y Joaqu\u00edn Zalazar 2.<br \/>\n<strong>Deportivo Gowland 0<\/strong>.<\/p>\n<p><strong>Pabell\u00f3n 0.<\/strong><br \/>\n<strong>Quilmes 1:<\/strong> Jonathan V\u00e1zquez.<\/p>\n<p><strong>La Tijera 0.<\/strong><br \/>\n<strong>San Mart\u00edn 2:<\/strong> Ariel Contreras y Thiago R\u00edos.<\/p>\n<p><strong>Libre:<\/strong> Uni\u00f3n.<\/p>\n<p><a href=\"https:\/\/ligamercedina.com\/web\/wp-content\/uploads\/2025\/05\/Segunda-division-A-Reserva-1.jpg\"><img loading=\"lazy\" decoding=\"async\" class=\"aligncenter size-full wp-image-37419\" src=\"https:\/\/ligamercedina.com\/web\/wp-content\/uploads\/2025\/05\/Segunda-division-A-Reserva-1.jpg\" alt=\"\" width=\"639\" height=\"281\" srcset=\"https:\/\/ligamercedina.com\/web\/wp-content\/uploads\/2025\/05\/Segunda-division-A-Reserva-1.jpg 639w, https:\/\/ligamercedina.com\/web\/wp-content\/uploads\/2025\/05\/Segunda-division-A-Reserva-1-300x132.jpg 300w\" sizes=\"auto, (max-width: 639px) 100vw, 639px\" \/><\/a><\/p>\n","protected":false},"excerpt":{"rendered":"<p>Torneo de Primera V\u00e9lez 1: Franco Maciel Estudiantes 4: Agust\u00edn Mallorqu\u00edn, Enzo Cretella 2 y V\u00edctor Gamarra. Carteros 3: Mart\u00edn Zuleta, Tob\u00edas Navarro y Mauro Guerra. El Front\u00f3n 1: Laureano Celaye en contra. Defensores 2: Seraf\u00edn Bocca y Alejo Gramajo. Club Mercedes 3: Juan Rubbo Respuela, Tom\u00e1s Acosta y Rom\u00e1n Cruz. Palometas 2: Felipe Aschero 2. Jorge Newbery 0. Torneo<\/p>\n","protected":false},"author":2,"featured_media":0,"comment_status":"open","ping_status":"open","sticky":false,"template":"","format":"standard","meta":{"footnotes":""},"categories":[4],"tags":[114,123],"class_list":["post-37365","post","type-post","status-publish","format-standard","hentry","category-informaciongeneral","tag-liga-mercedina-de-futbol","tag-reserva"],"_links":{"self":[{"href":"https:\/\/ligamercedina.com\/web\/wp-json\/wp\/v2\/posts\/37365","targetHints":{"allow":["GET"]}}],"collection":[{"href":"https:\/\/ligamercedina.com\/web\/wp-json\/wp\/v2\/posts"}],"about":[{"href":"https:\/\/ligamercedina.com\/web\/wp-json\/wp\/v2\/types\/post"}],"author":[{"embeddable":true,"href":"https:\/\/ligamercedina.com\/web\/wp-json\/wp\/v2\/users\/2"}],"replies":[{"embeddable":true,"href":"https:\/\/ligamercedina.com\/web\/wp-json\/wp\/v2\/comments?post=37365"}],"version-history":[{"count":12,"href":"https:\/\/ligamercedina.com\/web\/wp-json\/wp\/v2\/posts\/37365\/revisions"}],"predecessor-version":[{"id":37420,"href":"https:\/\/ligamercedina.com\/web\/wp-json\/wp\/v2\/posts\/37365\/revisions\/37420"}],"wp:attachment":[{"href":"https:\/\/ligamercedina.com\/web\/wp-json\/wp\/v2\/media?parent=37365"}],"wp:term":[{"taxonomy":"category","embeddable":true,"href":"https:\/\/ligamercedina.com\/web\/wp-json\/wp\/v2\/categories?post=37365"},{"taxonomy":"post_tag","embeddable":true,"href":"https:\/\/ligamercedina.com\/web\/wp-json\/wp\/v2\/tags?post=37365"}],"curies":[{"name":"wp","href":"https:\/\/api.w.org\/{rel}","templated":true}]}}