{"id":37012,"date":"2025-04-12T21:03:47","date_gmt":"2025-04-13T00:03:47","guid":{"rendered":"https:\/\/ligamercedina.com\/web\/?p=37012"},"modified":"2025-04-14T11:00:33","modified_gmt":"2025-04-14T14:00:33","slug":"futbol-femenino-inferiores-sexta-fecha","status":"publish","type":"post","link":"https:\/\/ligamercedina.com\/web\/futbol-femenino-inferiores-sexta-fecha\/","title":{"rendered":"F\u00fatbol Femenino &#8211; Inferiores &#8211; sexta fecha"},"content":{"rendered":"<p><span style=\"color: #0000ff;\"><strong>Sub 12<\/strong><\/span><br \/>\n<strong>Palometas 0.<\/strong><br \/>\n<strong>Club Mercedes 6:<\/strong> Francesca Arce 2, Bianca Fern\u00e1ndez 3 y Amanda Picardi.<\/p>\n<p><strong>Social y Deportivo Nicol\u00e1s 4:<\/strong> Elena D\u00edaz y sara Machado 3.<br \/>\n<strong>Villa Manchi 0<\/strong>.<\/p>\n<p><span style=\"color: #0000ff;\"><strong>Sub 14<\/strong><\/span><br \/>\n<strong>Palometas Blanco 1:<\/strong> M\u00eda Peralta.<br \/>\n<strong>Club Mercedes 1:<\/strong> Delfina Pucci.<\/p>\n<p><strong>Social y Deportivo Nicol\u00e1s 1:<\/strong> Julieta Demonti.<br \/>\n<strong>Villa Manchi 3:<\/strong> Guliana cariaga, Morena Cerrudo y Demaris Pacheco<\/p>\n<p><span style=\"color: #0000ff;\"><strong>Sub 16<\/strong><\/span><br \/>\n<strong>Palometas 1:<\/strong> Clara Marzano.<br \/>\n<strong>Club Mercedes 3:<\/strong> Lola Patrone 2 y Anabella Uboldi.<br \/>\n<a href=\"https:\/\/ligamercedina.com\/web\/wp-content\/uploads\/2025\/04\/Femenino-Inferiores-4.jpg\"><img loading=\"lazy\" decoding=\"async\" class=\"aligncenter size-large wp-image-37053\" src=\"https:\/\/ligamercedina.com\/web\/wp-content\/uploads\/2025\/04\/Femenino-Inferiores-4-636x1024.jpg\" alt=\"\" width=\"636\" height=\"1024\" srcset=\"https:\/\/ligamercedina.com\/web\/wp-content\/uploads\/2025\/04\/Femenino-Inferiores-4-636x1024.jpg 636w, https:\/\/ligamercedina.com\/web\/wp-content\/uploads\/2025\/04\/Femenino-Inferiores-4-186x300.jpg 186w, https:\/\/ligamercedina.com\/web\/wp-content\/uploads\/2025\/04\/Femenino-Inferiores-4.jpg 640w\" sizes=\"auto, (max-width: 636px) 100vw, 636px\" \/><\/a><\/p>\n","protected":false},"excerpt":{"rendered":"<p>Sub 12 Palometas 0. Club Mercedes 6: Francesca Arce 2, Bianca Fern\u00e1ndez 3 y Amanda Picardi. Social y Deportivo Nicol\u00e1s 4: Elena D\u00edaz y sara Machado 3. Villa Manchi 0. Sub 14 Palometas Blanco 1: M\u00eda Peralta. Club Mercedes 1: Delfina Pucci. Social y Deportivo Nicol\u00e1s 1: Julieta Demonti. Villa Manchi 3: Guliana cariaga, Morena Cerrudo y Demaris Pacheco Sub<\/p>\n","protected":false},"author":2,"featured_media":0,"comment_status":"open","ping_status":"open","sticky":false,"template":"","format":"standard","meta":{"footnotes":""},"categories":[4],"tags":[114,125,126,127],"class_list":["post-37012","post","type-post","status-publish","format-standard","hentry","category-informaciongeneral","tag-liga-mercedina-de-futbol","tag-sub-12","tag-sub-14","tag-sub-16"],"_links":{"self":[{"href":"https:\/\/ligamercedina.com\/web\/wp-json\/wp\/v2\/posts\/37012","targetHints":{"allow":["GET"]}}],"collection":[{"href":"https:\/\/ligamercedina.com\/web\/wp-json\/wp\/v2\/posts"}],"about":[{"href":"https:\/\/ligamercedina.com\/web\/wp-json\/wp\/v2\/types\/post"}],"author":[{"embeddable":true,"href":"https:\/\/ligamercedina.com\/web\/wp-json\/wp\/v2\/users\/2"}],"replies":[{"embeddable":true,"href":"https:\/\/ligamercedina.com\/web\/wp-json\/wp\/v2\/comments?post=37012"}],"version-history":[{"count":2,"href":"https:\/\/ligamercedina.com\/web\/wp-json\/wp\/v2\/posts\/37012\/revisions"}],"predecessor-version":[{"id":37054,"href":"https:\/\/ligamercedina.com\/web\/wp-json\/wp\/v2\/posts\/37012\/revisions\/37054"}],"wp:attachment":[{"href":"https:\/\/ligamercedina.com\/web\/wp-json\/wp\/v2\/media?parent=37012"}],"wp:term":[{"taxonomy":"category","embeddable":true,"href":"https:\/\/ligamercedina.com\/web\/wp-json\/wp\/v2\/categories?post=37012"},{"taxonomy":"post_tag","embeddable":true,"href":"https:\/\/ligamercedina.com\/web\/wp-json\/wp\/v2\/tags?post=37012"}],"curies":[{"name":"wp","href":"https:\/\/api.w.org\/{rel}","templated":true}]}}