{"id":36377,"date":"2025-02-14T09:58:51","date_gmt":"2025-02-14T12:58:51","guid":{"rendered":"https:\/\/ligamercedina.com\/web\/?p=36377"},"modified":"2025-02-14T09:58:51","modified_gmt":"2025-02-14T12:58:51","slug":"infanto-juvenil-fixture-postergado","status":"publish","type":"post","link":"https:\/\/ligamercedina.com\/web\/infanto-juvenil-fixture-postergado\/","title":{"rendered":"INFANTO-JUVENIL: FIXTURE POSTERGADO"},"content":{"rendered":"<p>En la noche de este jueves se concret\u00f3 la reuni\u00f3n de delegados donde con relaci\u00f3n a los torneos de Juveniles e Infantiles se confirm\u00f3 que la temporada 2025 se iniciar\u00e1 el d\u00eda 8 de marzo.<br \/>\nCon relaci\u00f3n al fixture, si bien se dio a conocer en el encuentro la disputa de la fecha 1, la misma fue dada de manera condicional ya que el fixture definitivo se confirmar\u00e1 el d\u00eda 27 de febrero, teniendo en cuenta que el d\u00eda 26 vence el plazo de las listas de buena fe, y reci\u00e9n en ese momento se podr\u00e1 determinar si las categor\u00edas de todas las instituciones afiliadas cuentan con el m\u00ednimo de jugadores.<\/p>\n","protected":false},"excerpt":{"rendered":"<p>En la noche de este jueves se concret\u00f3 la reuni\u00f3n de delegados donde con relaci\u00f3n a los torneos de Juveniles e Infantiles se confirm\u00f3 que la temporada 2025 se iniciar\u00e1 el d\u00eda 8 de marzo. Con relaci\u00f3n al fixture, si bien se dio a conocer en el encuentro la disputa de la fecha 1, la misma fue dada de manera<\/p>\n","protected":false},"author":2,"featured_media":0,"comment_status":"open","ping_status":"open","sticky":false,"template":"","format":"standard","meta":{"footnotes":""},"categories":[4],"tags":[],"class_list":["post-36377","post","type-post","status-publish","format-standard","hentry","category-informaciongeneral"],"_links":{"self":[{"href":"https:\/\/ligamercedina.com\/web\/wp-json\/wp\/v2\/posts\/36377","targetHints":{"allow":["GET"]}}],"collection":[{"href":"https:\/\/ligamercedina.com\/web\/wp-json\/wp\/v2\/posts"}],"about":[{"href":"https:\/\/ligamercedina.com\/web\/wp-json\/wp\/v2\/types\/post"}],"author":[{"embeddable":true,"href":"https:\/\/ligamercedina.com\/web\/wp-json\/wp\/v2\/users\/2"}],"replies":[{"embeddable":true,"href":"https:\/\/ligamercedina.com\/web\/wp-json\/wp\/v2\/comments?post=36377"}],"version-history":[{"count":1,"href":"https:\/\/ligamercedina.com\/web\/wp-json\/wp\/v2\/posts\/36377\/revisions"}],"predecessor-version":[{"id":36378,"href":"https:\/\/ligamercedina.com\/web\/wp-json\/wp\/v2\/posts\/36377\/revisions\/36378"}],"wp:attachment":[{"href":"https:\/\/ligamercedina.com\/web\/wp-json\/wp\/v2\/media?parent=36377"}],"wp:term":[{"taxonomy":"category","embeddable":true,"href":"https:\/\/ligamercedina.com\/web\/wp-json\/wp\/v2\/categories?post=36377"},{"taxonomy":"post_tag","embeddable":true,"href":"https:\/\/ligamercedina.com\/web\/wp-json\/wp\/v2\/tags?post=36377"}],"curies":[{"name":"wp","href":"https:\/\/api.w.org\/{rel}","templated":true}]}}