{"id":36305,"date":"2024-12-23T00:15:36","date_gmt":"2024-12-23T03:15:36","guid":{"rendered":"https:\/\/ligamercedina.com\/web\/?p=36305"},"modified":"2024-12-23T00:15:36","modified_gmt":"2024-12-23T03:15:36","slug":"segunda-division-ascendio-el-timon","status":"publish","type":"post","link":"https:\/\/ligamercedina.com\/web\/segunda-division-ascendio-el-timon\/","title":{"rendered":"Segunda Divisi\u00f3n: ascendi\u00f3 El Tim\u00f3n"},"content":{"rendered":"<p><strong>Quilmes 0.<\/strong><br \/>\n<strong>El Tim\u00f3n 5:<\/strong> Aiello 2, Di Blasi 2 y Parra.<br \/>\n<strong>Arbitro:<\/strong> Luis L\u00f3pez (AAM).<br \/>\n<strong>Expulsados:<\/strong> A. D\u00edaz, P. Fontana y F. Dabove (Q), Rey (T).<\/p>\n<p><span style=\"color: #0000ff;\"><strong>El global qued\u00f3 9 a 1 a favor de El Tim\u00f3n sobre Quilmes<\/strong><\/span><br \/>\n<a href=\"https:\/\/ligamercedina.com\/web\/wp-content\/uploads\/2024\/12\/IMG_1169-scaled.jpg\"><img loading=\"lazy\" decoding=\"async\" class=\"aligncenter size-large wp-image-36306\" src=\"https:\/\/ligamercedina.com\/web\/wp-content\/uploads\/2024\/12\/IMG_1169-1024x683.jpg\" alt=\"\" width=\"860\" height=\"574\" srcset=\"https:\/\/ligamercedina.com\/web\/wp-content\/uploads\/2024\/12\/IMG_1169-1024x683.jpg 1024w, https:\/\/ligamercedina.com\/web\/wp-content\/uploads\/2024\/12\/IMG_1169-300x200.jpg 300w, https:\/\/ligamercedina.com\/web\/wp-content\/uploads\/2024\/12\/IMG_1169-768x512.jpg 768w, https:\/\/ligamercedina.com\/web\/wp-content\/uploads\/2024\/12\/IMG_1169-1536x1024.jpg 1536w, https:\/\/ligamercedina.com\/web\/wp-content\/uploads\/2024\/12\/IMG_1169-2048x1365.jpg 2048w\" sizes=\"auto, (max-width: 860px) 100vw, 860px\" \/><\/a><\/p>\n","protected":false},"excerpt":{"rendered":"<p>Quilmes 0. El Tim\u00f3n 5: Aiello 2, Di Blasi 2 y Parra. Arbitro: Luis L\u00f3pez (AAM). Expulsados: A. D\u00edaz, P. Fontana y F. Dabove (Q), Rey (T). El global qued\u00f3 9 a 1 a favor de El Tim\u00f3n sobre Quilmes<\/p>\n","protected":false},"author":2,"featured_media":0,"comment_status":"open","ping_status":"open","sticky":false,"template":"","format":"standard","meta":{"footnotes":""},"categories":[4],"tags":[114,122],"class_list":["post-36305","post","type-post","status-publish","format-standard","hentry","category-informaciongeneral","tag-liga-mercedina-de-futbol","tag-segunda-division-a"],"_links":{"self":[{"href":"https:\/\/ligamercedina.com\/web\/wp-json\/wp\/v2\/posts\/36305","targetHints":{"allow":["GET"]}}],"collection":[{"href":"https:\/\/ligamercedina.com\/web\/wp-json\/wp\/v2\/posts"}],"about":[{"href":"https:\/\/ligamercedina.com\/web\/wp-json\/wp\/v2\/types\/post"}],"author":[{"embeddable":true,"href":"https:\/\/ligamercedina.com\/web\/wp-json\/wp\/v2\/users\/2"}],"replies":[{"embeddable":true,"href":"https:\/\/ligamercedina.com\/web\/wp-json\/wp\/v2\/comments?post=36305"}],"version-history":[{"count":1,"href":"https:\/\/ligamercedina.com\/web\/wp-json\/wp\/v2\/posts\/36305\/revisions"}],"predecessor-version":[{"id":36307,"href":"https:\/\/ligamercedina.com\/web\/wp-json\/wp\/v2\/posts\/36305\/revisions\/36307"}],"wp:attachment":[{"href":"https:\/\/ligamercedina.com\/web\/wp-json\/wp\/v2\/media?parent=36305"}],"wp:term":[{"taxonomy":"category","embeddable":true,"href":"https:\/\/ligamercedina.com\/web\/wp-json\/wp\/v2\/categories?post=36305"},{"taxonomy":"post_tag","embeddable":true,"href":"https:\/\/ligamercedina.com\/web\/wp-json\/wp\/v2\/tags?post=36305"}],"curies":[{"name":"wp","href":"https:\/\/api.w.org\/{rel}","templated":true}]}}