{"id":35747,"date":"2024-11-09T00:09:19","date_gmt":"2024-11-09T03:09:19","guid":{"rendered":"https:\/\/ligamercedina.com\/web\/?p=35747"},"modified":"2024-11-09T01:16:03","modified_gmt":"2024-11-09T04:16:03","slug":"triangular-de-primera","status":"publish","type":"post","link":"https:\/\/ligamercedina.com\/web\/triangular-de-primera\/","title":{"rendered":"Triangular de Primera"},"content":{"rendered":"<p><span style=\"color: #0000ff;\"><strong><a href=\"https:\/\/ligamercedina.com\/web\/wp-content\/uploads\/2024\/11\/IMG_2417-scaled.jpg\"><img loading=\"lazy\" decoding=\"async\" class=\"aligncenter size-large wp-image-35754\" src=\"https:\/\/ligamercedina.com\/web\/wp-content\/uploads\/2024\/11\/IMG_2417-1024x683.jpg\" alt=\"\" width=\"860\" height=\"574\" srcset=\"https:\/\/ligamercedina.com\/web\/wp-content\/uploads\/2024\/11\/IMG_2417-1024x683.jpg 1024w, https:\/\/ligamercedina.com\/web\/wp-content\/uploads\/2024\/11\/IMG_2417-300x200.jpg 300w, https:\/\/ligamercedina.com\/web\/wp-content\/uploads\/2024\/11\/IMG_2417-768x512.jpg 768w, https:\/\/ligamercedina.com\/web\/wp-content\/uploads\/2024\/11\/IMG_2417-1536x1024.jpg 1536w, https:\/\/ligamercedina.com\/web\/wp-content\/uploads\/2024\/11\/IMG_2417-2048x1365.jpg 2048w\" sizes=\"auto, (max-width: 860px) 100vw, 860px\" \/><\/a><br \/>\nCuarta fecha<\/strong><\/span><\/p>\n<p><strong>Uni\u00f3n 2:<\/strong> Laureano Torres y Albano Mart\u00ednez.<br \/>\n<strong>Estudiantes 0<\/strong>.<br \/>\n<strong>Arbitro:<\/strong> Luis L\u00f3pez (AAM).<\/p>\n<p><a href=\"https:\/\/ligamercedina.com\/web\/wp-content\/uploads\/2024\/11\/Triangular-1.jpg\"><img loading=\"lazy\" decoding=\"async\" class=\"aligncenter size-full wp-image-35748\" src=\"https:\/\/ligamercedina.com\/web\/wp-content\/uploads\/2024\/11\/Triangular-1.jpg\" alt=\"\" width=\"640\" height=\"144\" srcset=\"https:\/\/ligamercedina.com\/web\/wp-content\/uploads\/2024\/11\/Triangular-1.jpg 640w, https:\/\/ligamercedina.com\/web\/wp-content\/uploads\/2024\/11\/Triangular-1-300x68.jpg 300w\" sizes=\"auto, (max-width: 640px) 100vw, 640px\" \/><\/a><\/p>\n","protected":false},"excerpt":{"rendered":"<p>Cuarta fecha Uni\u00f3n 2: Laureano Torres y Albano Mart\u00ednez. Estudiantes 0. Arbitro: Luis L\u00f3pez (AAM).<\/p>\n","protected":false},"author":2,"featured_media":0,"comment_status":"open","ping_status":"open","sticky":false,"template":"","format":"standard","meta":{"footnotes":""},"categories":[4],"tags":[114,121],"class_list":["post-35747","post","type-post","status-publish","format-standard","hentry","category-informaciongeneral","tag-liga-mercedina-de-futbol","tag-primera-division-a"],"_links":{"self":[{"href":"https:\/\/ligamercedina.com\/web\/wp-json\/wp\/v2\/posts\/35747","targetHints":{"allow":["GET"]}}],"collection":[{"href":"https:\/\/ligamercedina.com\/web\/wp-json\/wp\/v2\/posts"}],"about":[{"href":"https:\/\/ligamercedina.com\/web\/wp-json\/wp\/v2\/types\/post"}],"author":[{"embeddable":true,"href":"https:\/\/ligamercedina.com\/web\/wp-json\/wp\/v2\/users\/2"}],"replies":[{"embeddable":true,"href":"https:\/\/ligamercedina.com\/web\/wp-json\/wp\/v2\/comments?post=35747"}],"version-history":[{"count":3,"href":"https:\/\/ligamercedina.com\/web\/wp-json\/wp\/v2\/posts\/35747\/revisions"}],"predecessor-version":[{"id":35755,"href":"https:\/\/ligamercedina.com\/web\/wp-json\/wp\/v2\/posts\/35747\/revisions\/35755"}],"wp:attachment":[{"href":"https:\/\/ligamercedina.com\/web\/wp-json\/wp\/v2\/media?parent=35747"}],"wp:term":[{"taxonomy":"category","embeddable":true,"href":"https:\/\/ligamercedina.com\/web\/wp-json\/wp\/v2\/categories?post=35747"},{"taxonomy":"post_tag","embeddable":true,"href":"https:\/\/ligamercedina.com\/web\/wp-json\/wp\/v2\/tags?post=35747"}],"curies":[{"name":"wp","href":"https:\/\/api.w.org\/{rel}","templated":true}]}}