{"id":35665,"date":"2024-11-03T20:06:31","date_gmt":"2024-11-03T23:06:31","guid":{"rendered":"https:\/\/ligamercedina.com\/web\/?p=35665"},"modified":"2024-11-03T22:16:14","modified_gmt":"2024-11-04T01:16:14","slug":"segunda-division-15-fecha","status":"publish","type":"post","link":"https:\/\/ligamercedina.com\/web\/segunda-division-15-fecha\/","title":{"rendered":"Segunda Divisi\u00f3n &#8211; 15\u00b0 fecha"},"content":{"rendered":"<p><strong>AMEFIP 5:<\/strong> Kevin Aguirre, Lautaro Ben\u00edtez, Eduardo Taborda y Juli\u00e1n B\u00edsforo 2.<br \/>\n<strong>Deportivo Gowland 1:<\/strong> JUli\u00e1n Villalba.<\/p>\n<p><strong>Talleres 0.<\/strong><br \/>\n<strong>El Tim\u00f3n 6:<\/strong> Jerem\u00edas B\u00e1rzola, Mart\u00edn Di Blasi 2, Esteban Pederiva, Ismael Morales y Agust\u00edn Moreno.<\/p>\n<p><strong>Suspendidos<\/strong><br \/>\nPalometas vs. Quilmes.<br \/>\nLa Tijera vs. Holanda.<\/p>\n<p><strong>Libre:<\/strong> Ateneo.<br \/>\n<a href=\"https:\/\/ligamercedina.com\/web\/wp-content\/uploads\/2024\/11\/Segunda-division-A.jpg\"><img loading=\"lazy\" decoding=\"async\" class=\"aligncenter size-full wp-image-35677\" src=\"https:\/\/ligamercedina.com\/web\/wp-content\/uploads\/2024\/11\/Segunda-division-A.jpg\" alt=\"\" width=\"988\" height=\"407\" srcset=\"https:\/\/ligamercedina.com\/web\/wp-content\/uploads\/2024\/11\/Segunda-division-A.jpg 988w, https:\/\/ligamercedina.com\/web\/wp-content\/uploads\/2024\/11\/Segunda-division-A-300x124.jpg 300w, https:\/\/ligamercedina.com\/web\/wp-content\/uploads\/2024\/11\/Segunda-division-A-768x316.jpg 768w\" sizes=\"auto, (max-width: 988px) 100vw, 988px\" \/><\/a><\/p>\n","protected":false},"excerpt":{"rendered":"<p>AMEFIP 5: Kevin Aguirre, Lautaro Ben\u00edtez, Eduardo Taborda y Juli\u00e1n B\u00edsforo 2. Deportivo Gowland 1: JUli\u00e1n Villalba. Talleres 0. El Tim\u00f3n 6: Jerem\u00edas B\u00e1rzola, Mart\u00edn Di Blasi 2, Esteban Pederiva, Ismael Morales y Agust\u00edn Moreno. Suspendidos Palometas vs. Quilmes. La Tijera vs. Holanda. Libre: Ateneo.<\/p>\n","protected":false},"author":2,"featured_media":0,"comment_status":"open","ping_status":"open","sticky":false,"template":"","format":"standard","meta":{"footnotes":""},"categories":[4],"tags":[114,120],"class_list":["post-35665","post","type-post","status-publish","format-standard","hentry","category-informaciongeneral","tag-liga-mercedina-de-futbol","tag-segunda-division"],"_links":{"self":[{"href":"https:\/\/ligamercedina.com\/web\/wp-json\/wp\/v2\/posts\/35665","targetHints":{"allow":["GET"]}}],"collection":[{"href":"https:\/\/ligamercedina.com\/web\/wp-json\/wp\/v2\/posts"}],"about":[{"href":"https:\/\/ligamercedina.com\/web\/wp-json\/wp\/v2\/types\/post"}],"author":[{"embeddable":true,"href":"https:\/\/ligamercedina.com\/web\/wp-json\/wp\/v2\/users\/2"}],"replies":[{"embeddable":true,"href":"https:\/\/ligamercedina.com\/web\/wp-json\/wp\/v2\/comments?post=35665"}],"version-history":[{"count":2,"href":"https:\/\/ligamercedina.com\/web\/wp-json\/wp\/v2\/posts\/35665\/revisions"}],"predecessor-version":[{"id":35678,"href":"https:\/\/ligamercedina.com\/web\/wp-json\/wp\/v2\/posts\/35665\/revisions\/35678"}],"wp:attachment":[{"href":"https:\/\/ligamercedina.com\/web\/wp-json\/wp\/v2\/media?parent=35665"}],"wp:term":[{"taxonomy":"category","embeddable":true,"href":"https:\/\/ligamercedina.com\/web\/wp-json\/wp\/v2\/categories?post=35665"},{"taxonomy":"post_tag","embeddable":true,"href":"https:\/\/ligamercedina.com\/web\/wp-json\/wp\/v2\/tags?post=35665"}],"curies":[{"name":"wp","href":"https:\/\/api.w.org\/{rel}","templated":true}]}}