{"id":35483,"date":"2024-10-25T14:03:43","date_gmt":"2024-10-25T17:03:43","guid":{"rendered":"https:\/\/ligamercedina.com\/web\/?p=35483"},"modified":"2024-10-25T14:07:54","modified_gmt":"2024-10-25T17:07:54","slug":"reprogramaciones-para-segunda-division","status":"publish","type":"post","link":"https:\/\/ligamercedina.com\/web\/reprogramaciones-para-segunda-division\/","title":{"rendered":"REPROGRAMACIONES PARA SEGUNDA DIVISION"},"content":{"rendered":"<p>Atento al estado de la cancha de V\u00e9lez, donde adem\u00e1s el d\u00eda domingo estar\u00e1 jugando el local por el Torneo Regional Amateur, quedan suspendidos los partidos que ma\u00f1ana deb\u00edan jugarse entre Deportivo Gowland &#8211; Talleres y Palometas &#8211; La Tijera.<\/p>\n<p>Los mismos se reprograman para el d\u00eda domingo, en el siguiente orden:<\/p>\n<p><strong>Cancha de Quilmes<\/strong><br \/>\n14:00 hs. Deportivo Gowland Vs. Talleres<br \/>\n16:00 hs. Palometas FC Vs. La Tijera<\/p>\n","protected":false},"excerpt":{"rendered":"<p>Atento al estado de la cancha de V\u00e9lez, donde adem\u00e1s el d\u00eda domingo estar\u00e1 jugando el local por el Torneo Regional Amateur, quedan suspendidos los partidos que ma\u00f1ana deb\u00edan jugarse entre Deportivo Gowland &#8211; Talleres y Palometas &#8211; La Tijera. Los mismos se reprograman para el d\u00eda domingo, en el siguiente orden: Cancha de Quilmes 14:00 hs. Deportivo Gowland Vs.<\/p>\n","protected":false},"author":2,"featured_media":0,"comment_status":"open","ping_status":"open","sticky":false,"template":"","format":"standard","meta":{"footnotes":""},"categories":[4],"tags":[],"class_list":["post-35483","post","type-post","status-publish","format-standard","hentry","category-informaciongeneral"],"_links":{"self":[{"href":"https:\/\/ligamercedina.com\/web\/wp-json\/wp\/v2\/posts\/35483","targetHints":{"allow":["GET"]}}],"collection":[{"href":"https:\/\/ligamercedina.com\/web\/wp-json\/wp\/v2\/posts"}],"about":[{"href":"https:\/\/ligamercedina.com\/web\/wp-json\/wp\/v2\/types\/post"}],"author":[{"embeddable":true,"href":"https:\/\/ligamercedina.com\/web\/wp-json\/wp\/v2\/users\/2"}],"replies":[{"embeddable":true,"href":"https:\/\/ligamercedina.com\/web\/wp-json\/wp\/v2\/comments?post=35483"}],"version-history":[{"count":1,"href":"https:\/\/ligamercedina.com\/web\/wp-json\/wp\/v2\/posts\/35483\/revisions"}],"predecessor-version":[{"id":35484,"href":"https:\/\/ligamercedina.com\/web\/wp-json\/wp\/v2\/posts\/35483\/revisions\/35484"}],"wp:attachment":[{"href":"https:\/\/ligamercedina.com\/web\/wp-json\/wp\/v2\/media?parent=35483"}],"wp:term":[{"taxonomy":"category","embeddable":true,"href":"https:\/\/ligamercedina.com\/web\/wp-json\/wp\/v2\/categories?post=35483"},{"taxonomy":"post_tag","embeddable":true,"href":"https:\/\/ligamercedina.com\/web\/wp-json\/wp\/v2\/tags?post=35483"}],"curies":[{"name":"wp","href":"https:\/\/api.w.org\/{rel}","templated":true}]}}