{"id":35388,"date":"2024-10-19T10:26:32","date_gmt":"2024-10-19T13:26:32","guid":{"rendered":"https:\/\/ligamercedina.com\/web\/?p=35388"},"modified":"2024-10-20T21:19:05","modified_gmt":"2024-10-21T00:19:05","slug":"futbol-femenino-decima-fecha-primera-division","status":"publish","type":"post","link":"https:\/\/ligamercedina.com\/web\/futbol-femenino-decima-fecha-primera-division\/","title":{"rendered":"F\u00fatbol Femenino &#8211; d\u00e9cima fecha &#8211; Primera divisi\u00f3n"},"content":{"rendered":"<p><strong>TROCHA 1:<\/strong> Brenda Richini<br \/>\n<strong>DEFENSORES JUNIORS 1:<\/strong> Paula Aguero<\/p>\n<p><strong>PALOMETAS 1:<\/strong> Luc\u00eda Monteros<br \/>\n<strong>EL TIM\u00d3N 2:<\/strong> Angela Contarutti, Emilia Mu\u00f1oz<\/p>\n<p><strong>ATL\u00c9TICO RODR\u00cdGUEZ 1:<\/strong> Evel\u00edn Alga\u00f1araz<br \/>\n<strong>PABELL\u00d3N ARGENTINO 2: <\/strong>Roc\u00edo Barbalat, Noelia Molina<\/p>\n<p><strong>LA TIJERA 3:<\/strong> Natasha Quir\u00f3z, Julia Romero, Daiana Su\u00e1rez<br \/>\n<strong>UNI\u00d3N 3:<\/strong> Giuliana Calzetta, Guadalupe Rojas (2)<\/p>\n<p><strong>CLUB MERCEDES 2: <\/strong>Ail\u00e9n Castro, Yanina Russo<br \/>\n<strong>EL FRONT\u00d3N 2:<\/strong> Faustina Vachetti (2)<br \/>\n<a href=\"https:\/\/ligamercedina.com\/web\/wp-content\/uploads\/2024\/10\/Primera-femenino-4.jpg\"><img loading=\"lazy\" decoding=\"async\" class=\"aligncenter size-full wp-image-35411\" src=\"https:\/\/ligamercedina.com\/web\/wp-content\/uploads\/2024\/10\/Primera-femenino-4.jpg\" alt=\"\" width=\"966\" height=\"535\" srcset=\"https:\/\/ligamercedina.com\/web\/wp-content\/uploads\/2024\/10\/Primera-femenino-4.jpg 966w, https:\/\/ligamercedina.com\/web\/wp-content\/uploads\/2024\/10\/Primera-femenino-4-300x166.jpg 300w, https:\/\/ligamercedina.com\/web\/wp-content\/uploads\/2024\/10\/Primera-femenino-4-768x425.jpg 768w\" sizes=\"auto, (max-width: 966px) 100vw, 966px\" \/><\/a><\/p>\n","protected":false},"excerpt":{"rendered":"<p>TROCHA 1: Brenda Richini DEFENSORES JUNIORS 1: Paula Aguero PALOMETAS 1: Luc\u00eda Monteros EL TIM\u00d3N 2: Angela Contarutti, Emilia Mu\u00f1oz ATL\u00c9TICO RODR\u00cdGUEZ 1: Evel\u00edn Alga\u00f1araz PABELL\u00d3N ARGENTINO 2: Roc\u00edo Barbalat, Noelia Molina LA TIJERA 3: Natasha Quir\u00f3z, Julia Romero, Daiana Su\u00e1rez UNI\u00d3N 3: Giuliana Calzetta, Guadalupe Rojas (2) CLUB MERCEDES 2: Ail\u00e9n Castro, Yanina Russo EL FRONT\u00d3N 2: Faustina Vachetti<\/p>\n","protected":false},"author":2,"featured_media":0,"comment_status":"open","ping_status":"open","sticky":false,"template":"","format":"standard","meta":{"footnotes":""},"categories":[4],"tags":[114,15],"class_list":["post-35388","post","type-post","status-publish","format-standard","hentry","category-informaciongeneral","tag-liga-mercedina-de-futbol","tag-primera-division"],"_links":{"self":[{"href":"https:\/\/ligamercedina.com\/web\/wp-json\/wp\/v2\/posts\/35388","targetHints":{"allow":["GET"]}}],"collection":[{"href":"https:\/\/ligamercedina.com\/web\/wp-json\/wp\/v2\/posts"}],"about":[{"href":"https:\/\/ligamercedina.com\/web\/wp-json\/wp\/v2\/types\/post"}],"author":[{"embeddable":true,"href":"https:\/\/ligamercedina.com\/web\/wp-json\/wp\/v2\/users\/2"}],"replies":[{"embeddable":true,"href":"https:\/\/ligamercedina.com\/web\/wp-json\/wp\/v2\/comments?post=35388"}],"version-history":[{"count":4,"href":"https:\/\/ligamercedina.com\/web\/wp-json\/wp\/v2\/posts\/35388\/revisions"}],"predecessor-version":[{"id":35412,"href":"https:\/\/ligamercedina.com\/web\/wp-json\/wp\/v2\/posts\/35388\/revisions\/35412"}],"wp:attachment":[{"href":"https:\/\/ligamercedina.com\/web\/wp-json\/wp\/v2\/media?parent=35388"}],"wp:term":[{"taxonomy":"category","embeddable":true,"href":"https:\/\/ligamercedina.com\/web\/wp-json\/wp\/v2\/categories?post=35388"},{"taxonomy":"post_tag","embeddable":true,"href":"https:\/\/ligamercedina.com\/web\/wp-json\/wp\/v2\/tags?post=35388"}],"curies":[{"name":"wp","href":"https:\/\/api.w.org\/{rel}","templated":true}]}}