{"id":35383,"date":"2024-10-19T00:15:38","date_gmt":"2024-10-19T03:15:38","guid":{"rendered":"https:\/\/ligamercedina.com\/web\/?p=35383"},"modified":"2024-10-20T23:48:45","modified_gmt":"2024-10-21T02:48:45","slug":"primera-division-13-fecha","status":"publish","type":"post","link":"https:\/\/ligamercedina.com\/web\/primera-division-13-fecha\/","title":{"rendered":"Primera Divisi\u00f3n &#8211; 13\u00b0 fecha"},"content":{"rendered":"<p><strong><a href=\"https:\/\/ligamercedina.com\/web\/wp-content\/uploads\/2024\/10\/IMG_1112-scaled.jpg\"><img loading=\"lazy\" decoding=\"async\" class=\"aligncenter size-large wp-image-35430\" src=\"https:\/\/ligamercedina.com\/web\/wp-content\/uploads\/2024\/10\/IMG_1112-1024x683.jpg\" alt=\"\" width=\"860\" height=\"574\" srcset=\"https:\/\/ligamercedina.com\/web\/wp-content\/uploads\/2024\/10\/IMG_1112-1024x683.jpg 1024w, https:\/\/ligamercedina.com\/web\/wp-content\/uploads\/2024\/10\/IMG_1112-300x200.jpg 300w, https:\/\/ligamercedina.com\/web\/wp-content\/uploads\/2024\/10\/IMG_1112-768x512.jpg 768w, https:\/\/ligamercedina.com\/web\/wp-content\/uploads\/2024\/10\/IMG_1112-1536x1024.jpg 1536w, https:\/\/ligamercedina.com\/web\/wp-content\/uploads\/2024\/10\/IMG_1112-2048x1365.jpg 2048w\" sizes=\"auto, (max-width: 860px) 100vw, 860px\" \/><\/a><br \/>\nAll Haz 2:<\/strong> Gerardo Quintero 2.<br \/>\n<strong>Estudiantes 1:<\/strong> Nicol\u00e1s Ram\u00edrez.<br \/>\n<strong>Arbitro:<\/strong> Germ\u00e1n Gauna (AMAI).<\/p>\n<p><strong>Villa Manchi 2:<\/strong> Alejandro Aubain 2.<br \/>\n<strong>Club Mercedes 0.<\/strong><br \/>\n<strong>Arbitro:<\/strong> Diego Gauna (AMAI).<\/p>\n<p><strong>Carteros 1:<\/strong> Oscar Morales de penal.<br \/>\n<strong>Uni\u00f3n 0.<\/strong><br \/>\n<strong>Arbitro:<\/strong> Germ\u00e1n Gauna (AMAI)<\/p>\n<p><strong>Trocha 6:<\/strong> Santiago Yasky 3, Facundo Romero y Lucas Gallo 2.<br \/>\n<strong>Atl\u00e9tico<\/strong> Rodr\u00edguez 2: Agust\u00edn Onofrio y Kevin Jaime Leal.<br \/>\n<strong>Arbitro:<\/strong> Eduardo Aguirre (AAM).<br \/>\n<strong>Expulsado en el ST:<\/strong> Joaqu\u00edn Tapia (AGR).<\/p>\n<p><strong>Jorge Newbery 0.<\/strong><br \/>\n<strong>V\u00e9lez 1:<\/strong> Alexis Salinas.<br \/>\n<strong>Arbitro:<\/strong> Tom\u00e1s S\u00e1nchez (CAM).<\/p>\n<p><strong>El Front\u00f3n 0. <\/strong><br \/>\n<strong>Juventud 0.<\/strong><br \/>\n<strong>Arbitro:<\/strong> Luis L\u00f3pez (AAM).<\/p>\n<p><strong>Defensores Juniors 2:<\/strong> Nicol\u00e1s Montenegro y Mat\u00edas Falc\u00f3n.<br \/>\n<strong>Pabell\u00f3n Argentino 1:<\/strong> Juan Lonnelongue.<br \/>\n<strong>Arbitro:<\/strong> Mat\u00edas Saintecluque (CADEP).<br \/>\n<a href=\"https:\/\/ligamercedina.com\/web\/wp-content\/uploads\/2024\/10\/Primera-division-A-4.jpg\"><img loading=\"lazy\" decoding=\"async\" class=\"aligncenter size-full wp-image-35398\" src=\"https:\/\/ligamercedina.com\/web\/wp-content\/uploads\/2024\/10\/Primera-division-A-4.jpg\" alt=\"\" width=\"640\" height=\"406\" srcset=\"https:\/\/ligamercedina.com\/web\/wp-content\/uploads\/2024\/10\/Primera-division-A-4.jpg 640w, https:\/\/ligamercedina.com\/web\/wp-content\/uploads\/2024\/10\/Primera-division-A-4-300x190.jpg 300w\" sizes=\"auto, (max-width: 640px) 100vw, 640px\" \/><\/a><\/p>\n<p><strong>Los cruces<\/strong><br \/>\nV\u00e9lez vs. Jorge Newbery.<br \/>\nAll Haz vs. Villa Manchi.<br \/>\nCarteros vs. vs. Trocha.<\/p>\n<p><strong>Triangular<br \/>\n<\/strong>Ida y vuelta<br \/>\nEstudiantes vs. Uni\u00f3n.<br \/>\nJuventud vs. Estudiantes.<br \/>\nUni\u00f3n vs. Juventud.<\/p>\n","protected":false},"excerpt":{"rendered":"<p>All Haz 2: Gerardo Quintero 2. Estudiantes 1: Nicol\u00e1s Ram\u00edrez. Arbitro: Germ\u00e1n Gauna (AMAI). Villa Manchi 2: Alejandro Aubain 2. Club Mercedes 0. Arbitro: Diego Gauna (AMAI). Carteros 1: Oscar Morales de penal. Uni\u00f3n 0. Arbitro: Germ\u00e1n Gauna (AMAI) Trocha 6: Santiago Yasky 3, Facundo Romero y Lucas Gallo 2. Atl\u00e9tico Rodr\u00edguez 2: Agust\u00edn Onofrio y Kevin Jaime Leal. Arbitro:<\/p>\n","protected":false},"author":2,"featured_media":0,"comment_status":"open","ping_status":"open","sticky":false,"template":"","format":"standard","meta":{"footnotes":""},"categories":[4],"tags":[114,121],"class_list":["post-35383","post","type-post","status-publish","format-standard","hentry","category-informaciongeneral","tag-liga-mercedina-de-futbol","tag-primera-division-a"],"_links":{"self":[{"href":"https:\/\/ligamercedina.com\/web\/wp-json\/wp\/v2\/posts\/35383","targetHints":{"allow":["GET"]}}],"collection":[{"href":"https:\/\/ligamercedina.com\/web\/wp-json\/wp\/v2\/posts"}],"about":[{"href":"https:\/\/ligamercedina.com\/web\/wp-json\/wp\/v2\/types\/post"}],"author":[{"embeddable":true,"href":"https:\/\/ligamercedina.com\/web\/wp-json\/wp\/v2\/users\/2"}],"replies":[{"embeddable":true,"href":"https:\/\/ligamercedina.com\/web\/wp-json\/wp\/v2\/comments?post=35383"}],"version-history":[{"count":5,"href":"https:\/\/ligamercedina.com\/web\/wp-json\/wp\/v2\/posts\/35383\/revisions"}],"predecessor-version":[{"id":35431,"href":"https:\/\/ligamercedina.com\/web\/wp-json\/wp\/v2\/posts\/35383\/revisions\/35431"}],"wp:attachment":[{"href":"https:\/\/ligamercedina.com\/web\/wp-json\/wp\/v2\/media?parent=35383"}],"wp:term":[{"taxonomy":"category","embeddable":true,"href":"https:\/\/ligamercedina.com\/web\/wp-json\/wp\/v2\/categories?post=35383"},{"taxonomy":"post_tag","embeddable":true,"href":"https:\/\/ligamercedina.com\/web\/wp-json\/wp\/v2\/tags?post=35383"}],"curies":[{"name":"wp","href":"https:\/\/api.w.org\/{rel}","templated":true}]}}