{"id":35365,"date":"2024-10-17T13:51:59","date_gmt":"2024-10-17T16:51:59","guid":{"rendered":"https:\/\/ligamercedina.com\/web\/?p=35365"},"modified":"2024-10-17T14:32:09","modified_gmt":"2024-10-17T17:32:09","slug":"futbol-senior-quinta-fecha","status":"publish","type":"post","link":"https:\/\/ligamercedina.com\/web\/futbol-senior-quinta-fecha\/","title":{"rendered":"F\u00fatbol  Senior &#8211; quinta fecha"},"content":{"rendered":"<div id=\"attachment_35370\" style=\"width: 870px\" class=\"wp-caption aligncenter\"><a href=\"https:\/\/ligamercedina.com\/web\/wp-content\/uploads\/2024\/10\/463759564_1055075379740365_2513711693451760627_n.jpg\"><img loading=\"lazy\" decoding=\"async\" aria-describedby=\"caption-attachment-35370\" class=\"wp-image-35370 size-large\" src=\"https:\/\/ligamercedina.com\/web\/wp-content\/uploads\/2024\/10\/463759564_1055075379740365_2513711693451760627_n-1024x513.jpg\" alt=\"\" width=\"860\" height=\"431\" srcset=\"https:\/\/ligamercedina.com\/web\/wp-content\/uploads\/2024\/10\/463759564_1055075379740365_2513711693451760627_n-1024x513.jpg 1024w, https:\/\/ligamercedina.com\/web\/wp-content\/uploads\/2024\/10\/463759564_1055075379740365_2513711693451760627_n-300x150.jpg 300w, https:\/\/ligamercedina.com\/web\/wp-content\/uploads\/2024\/10\/463759564_1055075379740365_2513711693451760627_n-768x385.jpg 768w, https:\/\/ligamercedina.com\/web\/wp-content\/uploads\/2024\/10\/463759564_1055075379740365_2513711693451760627_n-420x210.jpg 420w, https:\/\/ligamercedina.com\/web\/wp-content\/uploads\/2024\/10\/463759564_1055075379740365_2513711693451760627_n.jpg 1280w\" sizes=\"auto, (max-width: 860px) 100vw, 860px\" \/><\/a><p id=\"caption-attachment-35370\" class=\"wp-caption-text\">Palometas Senior (Foto Palometas FC)<\/p><\/div>\n<p><strong><span style=\"color: #0000ff;\"><br \/>\nZona A<\/span><br \/>\nEl Front\u00f3n 2:<\/strong> Alejandro Morada y Marcelo Quagliariello.<br \/>\n<strong>Carteros 1:<\/strong> Nicol\u00e1s Mu\u00f1oz.<\/p>\n<p><strong>Trocha 0. <\/strong><br \/>\n<strong>Deportivo Gowland 0.<\/strong><\/p>\n<p><strong>El Porvenir 3:<\/strong> Fernando Iarza, Juan Polenta y Emanuel Arsenegui.<br \/>\n<strong>Defensores Jrs. 2:<\/strong> Daniel Casco 2.<br \/>\n<a href=\"https:\/\/ligamercedina.com\/web\/wp-content\/uploads\/2024\/10\/Senior-2.jpg\"><img loading=\"lazy\" decoding=\"async\" class=\"aligncenter size-full wp-image-35368\" src=\"https:\/\/ligamercedina.com\/web\/wp-content\/uploads\/2024\/10\/Senior-2.jpg\" alt=\"\" width=\"979\" height=\"286\" srcset=\"https:\/\/ligamercedina.com\/web\/wp-content\/uploads\/2024\/10\/Senior-2.jpg 979w, https:\/\/ligamercedina.com\/web\/wp-content\/uploads\/2024\/10\/Senior-2-300x88.jpg 300w, https:\/\/ligamercedina.com\/web\/wp-content\/uploads\/2024\/10\/Senior-2-768x224.jpg 768w\" sizes=\"auto, (max-width: 979px) 100vw, 979px\" \/><\/a><\/p>\n<p><strong><span style=\"color: #0000ff;\">Zona B<\/span><br \/>\nClub Mercedes 1:<\/strong> Emmanuel Culio.<br \/>\n<strong>Palometas 1:<\/strong> Eugenio Lanzavecchia.<\/p>\n<p><strong>Uni\u00f3n 0.<\/strong><br \/>\n<strong>Sportivo Belgrano 0.<\/strong><\/p>\n<p><strong>Costa Brava 5:<\/strong> Cristian Ullua 2, Jes\u00fas Quiroz, Osvaldo Latorre y Sebasti\u00e1n Coronel.<br \/>\n<strong>San Bernardo 1:<\/strong> Luis Mu\u00f1oz.<\/p>\n<p><a href=\"https:\/\/ligamercedina.com\/web\/wp-content\/uploads\/2024\/10\/Senior-copia-4.jpg\"><img loading=\"lazy\" decoding=\"async\" class=\"aligncenter size-full wp-image-35373\" src=\"https:\/\/ligamercedina.com\/web\/wp-content\/uploads\/2024\/10\/Senior-copia-4.jpg\" alt=\"\" width=\"975\" height=\"287\" srcset=\"https:\/\/ligamercedina.com\/web\/wp-content\/uploads\/2024\/10\/Senior-copia-4.jpg 975w, https:\/\/ligamercedina.com\/web\/wp-content\/uploads\/2024\/10\/Senior-copia-4-300x88.jpg 300w, https:\/\/ligamercedina.com\/web\/wp-content\/uploads\/2024\/10\/Senior-copia-4-768x226.jpg 768w\" sizes=\"auto, (max-width: 975px) 100vw, 975px\" \/><\/a><\/p>\n","protected":false},"excerpt":{"rendered":"<p>Zona A El Front\u00f3n 2: Alejandro Morada y Marcelo Quagliariello. Carteros 1: Nicol\u00e1s Mu\u00f1oz. Trocha 0. Deportivo Gowland 0. El Porvenir 3: Fernando Iarza, Juan Polenta y Emanuel Arsenegui. Defensores Jrs. 2: Daniel Casco 2. Zona B Club Mercedes 1: Emmanuel Culio. Palometas 1: Eugenio Lanzavecchia. Uni\u00f3n 0. Sportivo Belgrano 0. Costa Brava 5: Cristian Ullua 2, Jes\u00fas Quiroz, Osvaldo<\/p>\n","protected":false},"author":2,"featured_media":0,"comment_status":"open","ping_status":"open","sticky":false,"template":"","format":"standard","meta":{"footnotes":""},"categories":[4],"tags":[114,117],"class_list":["post-35365","post","type-post","status-publish","format-standard","hentry","category-informaciongeneral","tag-liga-mercedina-de-futbol","tag-senior-40"],"_links":{"self":[{"href":"https:\/\/ligamercedina.com\/web\/wp-json\/wp\/v2\/posts\/35365","targetHints":{"allow":["GET"]}}],"collection":[{"href":"https:\/\/ligamercedina.com\/web\/wp-json\/wp\/v2\/posts"}],"about":[{"href":"https:\/\/ligamercedina.com\/web\/wp-json\/wp\/v2\/types\/post"}],"author":[{"embeddable":true,"href":"https:\/\/ligamercedina.com\/web\/wp-json\/wp\/v2\/users\/2"}],"replies":[{"embeddable":true,"href":"https:\/\/ligamercedina.com\/web\/wp-json\/wp\/v2\/comments?post=35365"}],"version-history":[{"count":5,"href":"https:\/\/ligamercedina.com\/web\/wp-json\/wp\/v2\/posts\/35365\/revisions"}],"predecessor-version":[{"id":35374,"href":"https:\/\/ligamercedina.com\/web\/wp-json\/wp\/v2\/posts\/35365\/revisions\/35374"}],"wp:attachment":[{"href":"https:\/\/ligamercedina.com\/web\/wp-json\/wp\/v2\/media?parent=35365"}],"wp:term":[{"taxonomy":"category","embeddable":true,"href":"https:\/\/ligamercedina.com\/web\/wp-json\/wp\/v2\/categories?post=35365"},{"taxonomy":"post_tag","embeddable":true,"href":"https:\/\/ligamercedina.com\/web\/wp-json\/wp\/v2\/tags?post=35365"}],"curies":[{"name":"wp","href":"https:\/\/api.w.org\/{rel}","templated":true}]}}