{"id":35029,"date":"2024-09-29T23:15:27","date_gmt":"2024-09-30T02:15:27","guid":{"rendered":"https:\/\/ligamercedina.com\/web\/?p=35029"},"modified":"2024-09-30T01:14:34","modified_gmt":"2024-09-30T04:14:34","slug":"futbol-femenino-primera-division-5","status":"publish","type":"post","link":"https:\/\/ligamercedina.com\/web\/futbol-femenino-primera-division-5\/","title":{"rendered":"F\u00fatbol Femenino &#8211; Primera Divisi\u00f3n"},"content":{"rendered":"<p><strong><span style=\"color: #0000ff;\">S\u00e9ptima fecha<\/span><\/strong><\/p>\n<p>Pabell\u00f3n 6.<br \/>\nPalometas 0.<\/p>\n<p>El Front\u00f3n 1.<br \/>\nFlandria 0.<\/p>\n<p>Defensores Juniors 0.<br \/>\nEl Tim\u00f3n 0.<\/p>\n<p>Social y Deportivo Nicol\u00e1s 0.<br \/>\nAtl\u00e9tico Rodr\u00edguez 3.<\/p>\n<p>Uni\u00f3n 0.<br \/>\nTrocha 3.<br \/>\n<a href=\"https:\/\/ligamercedina.com\/web\/wp-content\/uploads\/2024\/09\/Primera-femenino-2.jpg\"><img loading=\"lazy\" decoding=\"async\" class=\"aligncenter size-full wp-image-35040\" src=\"https:\/\/ligamercedina.com\/web\/wp-content\/uploads\/2024\/09\/Primera-femenino-2.jpg\" alt=\"\" width=\"640\" height=\"350\" srcset=\"https:\/\/ligamercedina.com\/web\/wp-content\/uploads\/2024\/09\/Primera-femenino-2.jpg 640w, https:\/\/ligamercedina.com\/web\/wp-content\/uploads\/2024\/09\/Primera-femenino-2-300x164.jpg 300w\" sizes=\"auto, (max-width: 640px) 100vw, 640px\" \/><\/a><\/p>\n","protected":false},"excerpt":{"rendered":"<p>S\u00e9ptima fecha Pabell\u00f3n 6. Palometas 0. El Front\u00f3n 1. Flandria 0. Defensores Juniors 0. El Tim\u00f3n 0. Social y Deportivo Nicol\u00e1s 0. Atl\u00e9tico Rodr\u00edguez 3. Uni\u00f3n 0. Trocha 3.<\/p>\n","protected":false},"author":2,"featured_media":0,"comment_status":"open","ping_status":"open","sticky":false,"template":"","format":"standard","meta":{"footnotes":""},"categories":[4],"tags":[124,114,15],"class_list":["post-35029","post","type-post","status-publish","format-standard","hentry","category-informaciongeneral","tag-futbol-femenino","tag-liga-mercedina-de-futbol","tag-primera-division"],"_links":{"self":[{"href":"https:\/\/ligamercedina.com\/web\/wp-json\/wp\/v2\/posts\/35029","targetHints":{"allow":["GET"]}}],"collection":[{"href":"https:\/\/ligamercedina.com\/web\/wp-json\/wp\/v2\/posts"}],"about":[{"href":"https:\/\/ligamercedina.com\/web\/wp-json\/wp\/v2\/types\/post"}],"author":[{"embeddable":true,"href":"https:\/\/ligamercedina.com\/web\/wp-json\/wp\/v2\/users\/2"}],"replies":[{"embeddable":true,"href":"https:\/\/ligamercedina.com\/web\/wp-json\/wp\/v2\/comments?post=35029"}],"version-history":[{"count":3,"href":"https:\/\/ligamercedina.com\/web\/wp-json\/wp\/v2\/posts\/35029\/revisions"}],"predecessor-version":[{"id":35041,"href":"https:\/\/ligamercedina.com\/web\/wp-json\/wp\/v2\/posts\/35029\/revisions\/35041"}],"wp:attachment":[{"href":"https:\/\/ligamercedina.com\/web\/wp-json\/wp\/v2\/media?parent=35029"}],"wp:term":[{"taxonomy":"category","embeddable":true,"href":"https:\/\/ligamercedina.com\/web\/wp-json\/wp\/v2\/categories?post=35029"},{"taxonomy":"post_tag","embeddable":true,"href":"https:\/\/ligamercedina.com\/web\/wp-json\/wp\/v2\/tags?post=35029"}],"curies":[{"name":"wp","href":"https:\/\/api.w.org\/{rel}","templated":true}]}}