{"id":34939,"date":"2024-09-22T22:35:31","date_gmt":"2024-09-23T01:35:31","guid":{"rendered":"https:\/\/ligamercedina.com\/web\/?p=34939"},"modified":"2024-09-24T10:06:44","modified_gmt":"2024-09-24T13:06:44","slug":"furbol-femenino-primera-sexta-fecha","status":"publish","type":"post","link":"https:\/\/ligamercedina.com\/web\/furbol-femenino-primera-sexta-fecha\/","title":{"rendered":"F\u00farbol Femenino &#8211; Primera &#8211; sexta fecha"},"content":{"rendered":"<p><strong>Flandria 2:<\/strong> Angela Guerrero y Guadalupe Romero.<br \/>\n<strong>Pabell\u00f3n 1:<\/strong> Noelia Molina.<\/p>\n<p><strong>Club Mercedes 3:<\/strong> Yanina Russo, Katia Roda y Valentina Castro.<br \/>\n<strong>Social y Deportivo Nicol\u00e1s 0.<\/strong><\/p>\n<p><strong>El Tim\u00f3n 0.<\/strong><br \/>\n<strong>El Front\u00f3n 0.<\/strong><\/p>\n<p><strong>Atl\u00e9tico Rodr\u00edguez 4:<\/strong> Ana Zenone 2 y Milagros Fern\u00e1ndez 2.<br \/>\n<strong>La Tijera 0.<\/strong><\/p>\n<p><strong>Palometas 0.<\/strong><br \/>\n<strong>Uni\u00f3n 1:<\/strong> Tamara Ortubia.<br \/>\n<a href=\"https:\/\/ligamercedina.com\/web\/wp-content\/uploads\/2024\/09\/Primera-femenino-copia.jpg\"><img loading=\"lazy\" decoding=\"async\" class=\"aligncenter size-full wp-image-34956\" src=\"https:\/\/ligamercedina.com\/web\/wp-content\/uploads\/2024\/09\/Primera-femenino-copia.jpg\" alt=\"\" width=\"640\" height=\"353\" srcset=\"https:\/\/ligamercedina.com\/web\/wp-content\/uploads\/2024\/09\/Primera-femenino-copia.jpg 640w, https:\/\/ligamercedina.com\/web\/wp-content\/uploads\/2024\/09\/Primera-femenino-copia-300x165.jpg 300w\" sizes=\"auto, (max-width: 640px) 100vw, 640px\" \/><\/a><\/p>\n","protected":false},"excerpt":{"rendered":"<p>Flandria 2: Angela Guerrero y Guadalupe Romero. Pabell\u00f3n 1: Noelia Molina. Club Mercedes 3: Yanina Russo, Katia Roda y Valentina Castro. Social y Deportivo Nicol\u00e1s 0. El Tim\u00f3n 0. El Front\u00f3n 0. Atl\u00e9tico Rodr\u00edguez 4: Ana Zenone 2 y Milagros Fern\u00e1ndez 2. La Tijera 0. Palometas 0. Uni\u00f3n 1: Tamara Ortubia.<\/p>\n","protected":false},"author":2,"featured_media":0,"comment_status":"open","ping_status":"open","sticky":false,"template":"","format":"standard","meta":{"footnotes":""},"categories":[4],"tags":[124,114,15],"class_list":["post-34939","post","type-post","status-publish","format-standard","hentry","category-informaciongeneral","tag-futbol-femenino","tag-liga-mercedina-de-futbol","tag-primera-division"],"_links":{"self":[{"href":"https:\/\/ligamercedina.com\/web\/wp-json\/wp\/v2\/posts\/34939","targetHints":{"allow":["GET"]}}],"collection":[{"href":"https:\/\/ligamercedina.com\/web\/wp-json\/wp\/v2\/posts"}],"about":[{"href":"https:\/\/ligamercedina.com\/web\/wp-json\/wp\/v2\/types\/post"}],"author":[{"embeddable":true,"href":"https:\/\/ligamercedina.com\/web\/wp-json\/wp\/v2\/users\/2"}],"replies":[{"embeddable":true,"href":"https:\/\/ligamercedina.com\/web\/wp-json\/wp\/v2\/comments?post=34939"}],"version-history":[{"count":5,"href":"https:\/\/ligamercedina.com\/web\/wp-json\/wp\/v2\/posts\/34939\/revisions"}],"predecessor-version":[{"id":34958,"href":"https:\/\/ligamercedina.com\/web\/wp-json\/wp\/v2\/posts\/34939\/revisions\/34958"}],"wp:attachment":[{"href":"https:\/\/ligamercedina.com\/web\/wp-json\/wp\/v2\/media?parent=34939"}],"wp:term":[{"taxonomy":"category","embeddable":true,"href":"https:\/\/ligamercedina.com\/web\/wp-json\/wp\/v2\/categories?post=34939"},{"taxonomy":"post_tag","embeddable":true,"href":"https:\/\/ligamercedina.com\/web\/wp-json\/wp\/v2\/tags?post=34939"}],"curies":[{"name":"wp","href":"https:\/\/api.w.org\/{rel}","templated":true}]}}