{"id":348,"date":"2008-02-17T19:57:43","date_gmt":"2008-02-17T22:57:43","guid":{"rendered":"https:\/\/ligamercedina.com\/?p=348"},"modified":"2008-02-17T19:57:43","modified_gmt":"2008-02-17T22:57:43","slug":"resultados-torneo-del-interior","status":"publish","type":"post","link":"https:\/\/ligamercedina.com\/web\/resultados-torneo-del-interior\/","title":{"rendered":"RESULTADOS TORNEO DEL INTERIOR"},"content":{"rendered":"<p><strong>ESTUDIANTES -0-:<\/strong> Nicol\u00e1s Borrasca , Pablo Palazzo , <!--more-->Mat\u00edas Mariella, Maxiliano Lobos , Lucas Basualdo , Alejandro Sequeira , Alfonso Castro<br \/>\nFederico Mariella , Claudio Biaggio , Gast\u00f3n Godoy, Federico Ben\u00edtez. DT: Guillermo Vola.<br \/>\n<strong>SUPLENTES: <\/strong>: Tom\u00e1s Borrasca y Luciano Apariente.<\/p>\n<p><strong>FLORENCIO VARELA -2-:<\/strong> Mario Defelice , Mariano Padilla , Santiago Guilino<br \/>\nEzequiel Damelio , Rodrigo Brito, Alejandro Ant\u00fanez , Juan Lafuente , Julio C\u00e1ceres , Javier Lima Silva , Franco Troche , Nicol\u00e1s Cestari. DT: Guillermo Guti\u00e9rrez.<br \/>\n<strong>SUPLENTES: <\/strong>  Juan Colamarino y Iv\u00e1n Felice.<\/p>\n<p><strong>GOLES:<\/strong> PT 15\u00b4 Lima Silva (FV). ST: 25\u00b4 Lima Silva (FV).<br \/>\n<strong>CAMBIOS: <\/strong>Nicol\u00e1s Navas por M. Mariella, Cristian Pedraza por Castro y Guillermo Michelini por Ben\u00edtez en Estudiantes.<br \/>\nGustavo Guzzo por Lafuente, Lucas Hern\u00e1ndez por Troche y Gustavo Serio por Cestari en Florencio Varela.<br \/>\n<strong>ARBITRO:<\/strong> Aldo Calogero (Liga de Jun\u00edn).<br \/>\n&#8212;&#8212;&#8212;&#8212;&#8212;&#8212;&#8212;&#8212;&#8212;&#8212;&#8212;&#8212;&#8212;&#8212;&#8212;&#8212;&#8212;&#8212;&#8212;&#8212;&#8212;&#8212;&#8212;&#8212;&#8212;&#8212;&#8212;&#8212;&#8212;&#8212;&#8212;&#8212;-<\/p>\n<p><strong>ATLETICO LUJAN -4-:<\/strong> Ignacio Precedo, Pablo Recke, Cristian Ali, Eduardo Masotto, Jorge C\u00f3rdon, Mauro Brandoni, Dar\u00edo Parisi, Tom\u00e1s Ares, Facundo Delgado, Fabi\u00e1n Zermatten y Roberto Rojas. <strong>DT:<\/strong> C\u00e9sar Aguirre.<br \/>\n<strong> Suplentes:<\/strong> Nicol\u00e1s Tognoli y Nelson Agoglia.<\/p>\n<p><strong>PALOMETAS -1-:<\/strong> Jos\u00e9 Ventura, Germ\u00e1n Stopiello, Nahuel Santana, Facundo Quiroga, Mart\u00edn Pastor, Diego Chappe, Rosendo Regueiro, Luis Giacoy, Mat\u00edas Fern\u00e1ndez, Rodrigo Gauna y Ezequiel De Rosas. <strong>DT:<\/strong> Diego Silvestre.<br \/>\n<strong>Suplentes:<\/strong> Federico Ramponi y Eduardo Libares.<\/p>\n<p><strong>GOLES: <\/strong>PT 12\u2019  Delgado y 21\u2019 Germ\u00e1n Stopiello en contra para Atl\u00e9tico Luj\u00e1n. 36\u2019 de penal Rodrigo Gauna para Palometas. ST: 34\u2019 y  42\u2019 (el segundo de penal)  Rojas (AL).<br \/>\n<strong>CAMBIOS:<\/strong> H\u00e9ctor Parodi por  Delgado, Alejandro Russo por Parisi y Santiago Galv\u00e1n por  Zermatten en A. Luj\u00e1n. Daniel Ortiz por  Giacoy, Diego Figueredo por  Fern\u00e1ndez y Santiago Portesi por  Quiroga en Palometas.<br \/>\n<strong>Expulsado: <\/strong>A los 25\u2019 del PT Mauro Brandoni en Atl\u00e9tico Luj\u00e1n.<br \/>\n<strong>ARBITRO:<\/strong> Marcelo Picullo (Liga de Escobar).<br \/>\n&#8212;&#8212;&#8212;&#8212;&#8212;&#8212;&#8212;&#8212;&#8212;&#8212;&#8212;&#8212;&#8212;&#8212;&#8212;&#8212;&#8212;&#8212;&#8212;&#8212;&#8212;&#8212;&#8212;&#8212;&#8212;&#8212;&#8212;&#8212;&#8212;&#8212;&#8212;&#8212;<\/p>\n<p><strong>CAMIONEROS -4-:<\/strong> Cristian Vaello, Eduardo Maciel, Rodolfo Enrique, R\u00faben Guerra, Claudio De Felipe, C\u00e9sar Peralta, Jorge Nazar, Jos\u00e9 Castro, Dami\u00e1n Acu\u00f1a, Roberto Duarte y Jorge Torres. <strong>DT:<\/strong> Marcelo Alonso.<br \/>\n<strong>Suplentes:<\/strong> Claudio Santill\u00e1n y Javier Perillo.<\/p>\n<p><strong>CLUB MERCEDES -1-:<\/strong> Ramiro Herrera, Mart\u00edn Blanco, Hern\u00e1n Asurmendi, Mart\u00edn Larumbe, Leonardo Carabajal, Oscar D\u00edaz, Leonardo Bernasconi, Facundo Ballesteros, Angel Calder\u00f3n, M\u00e1ximo cazenave y Mario Alday. <strong>DT: <\/strong>Jorge Morales.<br \/>\n<strong>Suplentes:<\/strong> Dami\u00e1n Defelippe, Ariel Mu\u00f1oz y Javier Casado.<\/p>\n<p><strong>GOLES<\/strong>:  PT:14\u2019  Cazenave de penal (Mercedes)  38\u2019  y 43&#8242; Jorge Torres (C). ST: 40\u2019 Nazar y 47\u2019  Duarte (C).<br \/>\n<strong>CAMBIOS: <\/strong>Carlos Vel\u00e1squez por Maciel, Claudio G\u00f3mez por Peralta y Fernando Feliu por Acu\u00f1a en Camioneros. Gustavo Medone por Larumbe e Ignacio Igoldi por  Alday en Club Mercedes.<br \/>\n<strong>INCIDENCIAS:<\/strong> Expulsados  PT: 39\u2019  Carabajal (M). ST: 18\u2019 Ballesteros y (M) y 25\u2019  D\u00edaz (M). 32\u2019 Feliu (C)<br \/>\n<strong>ARBITRO: <\/strong>Luciano Cardozo (Escobar).<\/p>\n","protected":false},"excerpt":{"rendered":"<p>ESTUDIANTES -0-: Nicol\u00e1s Borrasca , Pablo Palazzo ,<\/p>\n","protected":false},"author":1,"featured_media":0,"comment_status":"open","ping_status":"open","sticky":false,"template":"","format":"standard","meta":{"footnotes":""},"categories":[4],"tags":[],"class_list":["post-348","post","type-post","status-publish","format-standard","hentry","category-informaciongeneral"],"_links":{"self":[{"href":"https:\/\/ligamercedina.com\/web\/wp-json\/wp\/v2\/posts\/348","targetHints":{"allow":["GET"]}}],"collection":[{"href":"https:\/\/ligamercedina.com\/web\/wp-json\/wp\/v2\/posts"}],"about":[{"href":"https:\/\/ligamercedina.com\/web\/wp-json\/wp\/v2\/types\/post"}],"author":[{"embeddable":true,"href":"https:\/\/ligamercedina.com\/web\/wp-json\/wp\/v2\/users\/1"}],"replies":[{"embeddable":true,"href":"https:\/\/ligamercedina.com\/web\/wp-json\/wp\/v2\/comments?post=348"}],"version-history":[{"count":0,"href":"https:\/\/ligamercedina.com\/web\/wp-json\/wp\/v2\/posts\/348\/revisions"}],"wp:attachment":[{"href":"https:\/\/ligamercedina.com\/web\/wp-json\/wp\/v2\/media?parent=348"}],"wp:term":[{"taxonomy":"category","embeddable":true,"href":"https:\/\/ligamercedina.com\/web\/wp-json\/wp\/v2\/categories?post=348"},{"taxonomy":"post_tag","embeddable":true,"href":"https:\/\/ligamercedina.com\/web\/wp-json\/wp\/v2\/tags?post=348"}],"curies":[{"name":"wp","href":"https:\/\/api.w.org\/{rel}","templated":true}]}}