{"id":34663,"date":"2024-08-29T12:23:19","date_gmt":"2024-08-29T15:23:19","guid":{"rendered":"https:\/\/ligamercedina.com\/web\/?p=34663"},"modified":"2024-08-29T12:23:19","modified_gmt":"2024-08-29T15:23:19","slug":"federacion-norte-arrancan-los-torneos-sub-13-y-sub-15-con-representativos-de-la-liga","status":"publish","type":"post","link":"https:\/\/ligamercedina.com\/web\/federacion-norte-arrancan-los-torneos-sub-13-y-sub-15-con-representativos-de-la-liga\/","title":{"rendered":"FEDERACION NORTE: ARRANCAN LOS TORNEOS SUB 13 Y SUB 15 CON REPRESENTATIVOS DE LA LIGA"},"content":{"rendered":"<p><strong>El pr\u00f3ximo mi\u00e9rcoles 4 de septiembre dar\u00e1n inicio los torneos de clubes Sub 13 y Sub 15, organizados por la Federaci\u00f3n Norte de F\u00fatbol.<br \/>\nRepresentando a la Liga Mercedina estar\u00e1n participando los clubes: Ateneo, El Front\u00f3n, Estudiantes, Mercedes y Palometas.-<\/strong><\/p>\n<p>&nbsp;<\/p>\n<p>\n\t\t<style>\n\t\t\t#gallery-1 {\n\t\t\t\tmargin: auto;\n\t\t\t}\n\t\t\t#gallery-1 .gallery-item {\n\t\t\t\tfloat: left;\n\t\t\t\tmargin-top: 10px;\n\t\t\t\ttext-align: center;\n\t\t\t\twidth: 33%;\n\t\t\t}\n\t\t\t#gallery-1 img {\n\t\t\t\tborder: 2px solid #cfcfcf;\n\t\t\t}\n\t\t\t#gallery-1 .gallery-caption {\n\t\t\t\tmargin-left: 0;\n\t\t\t}\n\t\t\t\/* see gallery_shortcode() in wp-includes\/media.php *\/\n\t\t<\/style>\n\t\t<div id='gallery-1' class='gallery galleryid-34663 gallery-columns-3 gallery-size-thumbnail'><dl class='gallery-item'>\n\t\t\t<dt class='gallery-icon landscape'>\n\t\t\t\t<a href='https:\/\/ligamercedina.com\/web\/federacion-norte-arrancan-los-torneos-sub-13-y-sub-15-con-representativos-de-la-liga\/1-31\/'><img loading=\"lazy\" decoding=\"async\" width=\"150\" height=\"128\" src=\"https:\/\/ligamercedina.com\/web\/wp-content\/uploads\/2024\/08\/1-150x128.jpeg\" class=\"attachment-thumbnail size-thumbnail\" alt=\"\" \/><\/a>\n\t\t\t<\/dt><\/dl><dl class='gallery-item'>\n\t\t\t<dt class='gallery-icon landscape'>\n\t\t\t\t<a href='https:\/\/ligamercedina.com\/web\/federacion-norte-arrancan-los-torneos-sub-13-y-sub-15-con-representativos-de-la-liga\/2-31\/'><img loading=\"lazy\" decoding=\"async\" width=\"150\" height=\"121\" src=\"https:\/\/ligamercedina.com\/web\/wp-content\/uploads\/2024\/08\/2-150x121.jpeg\" class=\"attachment-thumbnail size-thumbnail\" alt=\"\" \/><\/a>\n\t\t\t<\/dt><\/dl><dl class='gallery-item'>\n\t\t\t<dt class='gallery-icon landscape'>\n\t\t\t\t<a href='https:\/\/ligamercedina.com\/web\/federacion-norte-arrancan-los-torneos-sub-13-y-sub-15-con-representativos-de-la-liga\/3-24\/'><img loading=\"lazy\" decoding=\"async\" width=\"150\" height=\"150\" src=\"https:\/\/ligamercedina.com\/web\/wp-content\/uploads\/2024\/08\/3-150x150.jpeg\" class=\"attachment-thumbnail size-thumbnail\" alt=\"\" srcset=\"https:\/\/ligamercedina.com\/web\/wp-content\/uploads\/2024\/08\/3-150x150.jpeg 150w, https:\/\/ligamercedina.com\/web\/wp-content\/uploads\/2024\/08\/3-90x90.jpeg 90w, https:\/\/ligamercedina.com\/web\/wp-content\/uploads\/2024\/08\/3-75x75.jpeg 75w\" sizes=\"auto, (max-width: 150px) 100vw, 150px\" \/><\/a>\n\t\t\t<\/dt><\/dl><br style=\"clear: both\" \/><dl class='gallery-item'>\n\t\t\t<dt class='gallery-icon landscape'>\n\t\t\t\t<a href='https:\/\/ligamercedina.com\/web\/federacion-norte-arrancan-los-torneos-sub-13-y-sub-15-con-representativos-de-la-liga\/4-21\/'><img loading=\"lazy\" decoding=\"async\" width=\"150\" height=\"121\" src=\"https:\/\/ligamercedina.com\/web\/wp-content\/uploads\/2024\/08\/4-150x121.jpeg\" class=\"attachment-thumbnail size-thumbnail\" alt=\"\" \/><\/a>\n\t\t\t<\/dt><\/dl>\n\t\t\t<br style='clear: both' \/>\n\t\t<\/div>\n&nbsp;<br \/>\n\n\t\t<style>\n\t\t\t#gallery-2 {\n\t\t\t\tmargin: auto;\n\t\t\t}\n\t\t\t#gallery-2 .gallery-item {\n\t\t\t\tfloat: left;\n\t\t\t\tmargin-top: 10px;\n\t\t\t\ttext-align: center;\n\t\t\t\twidth: 33%;\n\t\t\t}\n\t\t\t#gallery-2 img {\n\t\t\t\tborder: 2px solid #cfcfcf;\n\t\t\t}\n\t\t\t#gallery-2 .gallery-caption {\n\t\t\t\tmargin-left: 0;\n\t\t\t}\n\t\t\t\/* see gallery_shortcode() in wp-includes\/media.php *\/\n\t\t<\/style>\n\t\t<div id='gallery-2' class='gallery galleryid-34663 gallery-columns-3 gallery-size-thumbnail'><dl class='gallery-item'>\n\t\t\t<dt class='gallery-icon landscape'>\n\t\t\t\t<a href='https:\/\/ligamercedina.com\/web\/federacion-norte-arrancan-los-torneos-sub-13-y-sub-15-con-representativos-de-la-liga\/5-17\/'><img loading=\"lazy\" decoding=\"async\" width=\"150\" height=\"150\" src=\"https:\/\/ligamercedina.com\/web\/wp-content\/uploads\/2024\/08\/5-150x150.jpeg\" class=\"attachment-thumbnail size-thumbnail\" alt=\"\" srcset=\"https:\/\/ligamercedina.com\/web\/wp-content\/uploads\/2024\/08\/5-150x150.jpeg 150w, https:\/\/ligamercedina.com\/web\/wp-content\/uploads\/2024\/08\/5-90x90.jpeg 90w, https:\/\/ligamercedina.com\/web\/wp-content\/uploads\/2024\/08\/5-75x75.jpeg 75w\" sizes=\"auto, (max-width: 150px) 100vw, 150px\" \/><\/a>\n\t\t\t<\/dt><\/dl><dl class='gallery-item'>\n\t\t\t<dt class='gallery-icon landscape'>\n\t\t\t\t<a href='https:\/\/ligamercedina.com\/web\/federacion-norte-arrancan-los-torneos-sub-13-y-sub-15-con-representativos-de-la-liga\/6-15\/'><img loading=\"lazy\" decoding=\"async\" width=\"150\" height=\"121\" src=\"https:\/\/ligamercedina.com\/web\/wp-content\/uploads\/2024\/08\/6-150x121.jpeg\" class=\"attachment-thumbnail size-thumbnail\" alt=\"\" \/><\/a>\n\t\t\t<\/dt><\/dl><dl class='gallery-item'>\n\t\t\t<dt class='gallery-icon landscape'>\n\t\t\t\t<a href='https:\/\/ligamercedina.com\/web\/federacion-norte-arrancan-los-torneos-sub-13-y-sub-15-con-representativos-de-la-liga\/7-14\/'><img loading=\"lazy\" decoding=\"async\" width=\"150\" height=\"150\" src=\"https:\/\/ligamercedina.com\/web\/wp-content\/uploads\/2024\/08\/7-150x150.jpeg\" class=\"attachment-thumbnail size-thumbnail\" alt=\"\" srcset=\"https:\/\/ligamercedina.com\/web\/wp-content\/uploads\/2024\/08\/7-150x150.jpeg 150w, https:\/\/ligamercedina.com\/web\/wp-content\/uploads\/2024\/08\/7-90x90.jpeg 90w, https:\/\/ligamercedina.com\/web\/wp-content\/uploads\/2024\/08\/7-75x75.jpeg 75w\" sizes=\"auto, (max-width: 150px) 100vw, 150px\" \/><\/a>\n\t\t\t<\/dt><\/dl><br style=\"clear: both\" \/><dl class='gallery-item'>\n\t\t\t<dt class='gallery-icon landscape'>\n\t\t\t\t<a href='https:\/\/ligamercedina.com\/web\/federacion-norte-arrancan-los-torneos-sub-13-y-sub-15-con-representativos-de-la-liga\/8-7\/'><img loading=\"lazy\" decoding=\"async\" width=\"150\" height=\"121\" src=\"https:\/\/ligamercedina.com\/web\/wp-content\/uploads\/2024\/08\/8-150x121.jpeg\" class=\"attachment-thumbnail size-thumbnail\" alt=\"\" \/><\/a>\n\t\t\t<\/dt><\/dl>\n\t\t\t<br style='clear: both' \/>\n\t\t<\/div>\n<\/p>\n","protected":false},"excerpt":{"rendered":"<p>El pr\u00f3ximo mi\u00e9rcoles 4 de septiembre dar\u00e1n inicio los torneos de clubes Sub 13 y Sub 15, organizados por la Federaci\u00f3n Norte de F\u00fatbol. Representando a la Liga Mercedina estar\u00e1n participando los clubes: Ateneo, El Front\u00f3n, Estudiantes, Mercedes y Palometas.- &nbsp; &nbsp;<\/p>\n","protected":false},"author":2,"featured_media":0,"comment_status":"open","ping_status":"open","sticky":false,"template":"","format":"standard","meta":{"footnotes":""},"categories":[4],"tags":[],"class_list":["post-34663","post","type-post","status-publish","format-standard","hentry","category-informaciongeneral"],"_links":{"self":[{"href":"https:\/\/ligamercedina.com\/web\/wp-json\/wp\/v2\/posts\/34663","targetHints":{"allow":["GET"]}}],"collection":[{"href":"https:\/\/ligamercedina.com\/web\/wp-json\/wp\/v2\/posts"}],"about":[{"href":"https:\/\/ligamercedina.com\/web\/wp-json\/wp\/v2\/types\/post"}],"author":[{"embeddable":true,"href":"https:\/\/ligamercedina.com\/web\/wp-json\/wp\/v2\/users\/2"}],"replies":[{"embeddable":true,"href":"https:\/\/ligamercedina.com\/web\/wp-json\/wp\/v2\/comments?post=34663"}],"version-history":[{"count":1,"href":"https:\/\/ligamercedina.com\/web\/wp-json\/wp\/v2\/posts\/34663\/revisions"}],"predecessor-version":[{"id":34672,"href":"https:\/\/ligamercedina.com\/web\/wp-json\/wp\/v2\/posts\/34663\/revisions\/34672"}],"wp:attachment":[{"href":"https:\/\/ligamercedina.com\/web\/wp-json\/wp\/v2\/media?parent=34663"}],"wp:term":[{"taxonomy":"category","embeddable":true,"href":"https:\/\/ligamercedina.com\/web\/wp-json\/wp\/v2\/categories?post=34663"},{"taxonomy":"post_tag","embeddable":true,"href":"https:\/\/ligamercedina.com\/web\/wp-json\/wp\/v2\/tags?post=34663"}],"curies":[{"name":"wp","href":"https:\/\/api.w.org\/{rel}","templated":true}]}}