{"id":34658,"date":"2024-08-29T10:12:17","date_gmt":"2024-08-29T13:12:17","guid":{"rendered":"https:\/\/ligamercedina.com\/web\/?p=34658"},"modified":"2024-08-29T10:12:17","modified_gmt":"2024-08-29T13:12:17","slug":"senior-40-arranca-el-18-de-septiembre","status":"publish","type":"post","link":"https:\/\/ligamercedina.com\/web\/senior-40-arranca-el-18-de-septiembre\/","title":{"rendered":"SENIOR +40: ARRANCA EL 18 DE SEPTIEMBRE"},"content":{"rendered":"<p>Se realiz\u00f3 anoche la reuni\u00f3n de delegados del Departamento de F\u00fatbol Senior, donde se definieron detalles del certamen a iniciarse el pr\u00f3ximo 18 de septiembre.<br \/>\nParticipar\u00e1n 12 equipos, divididos en dos zonas, clasifican a segunda ronda los ubicados del primero al cuarto puesto de cada grupo.<\/p>\n<p><a href=\"https:\/\/ligamercedina.com\/web\/wp-content\/uploads\/2024\/08\/FIXTURE-SENIOR.jpeg\"><img loading=\"lazy\" decoding=\"async\" src=\"https:\/\/ligamercedina.com\/web\/wp-content\/uploads\/2024\/08\/FIXTURE-SENIOR.jpeg\" alt=\"\" width=\"612\" height=\"556\" class=\"aligncenter size-full wp-image-34659\" srcset=\"https:\/\/ligamercedina.com\/web\/wp-content\/uploads\/2024\/08\/FIXTURE-SENIOR.jpeg 612w, https:\/\/ligamercedina.com\/web\/wp-content\/uploads\/2024\/08\/FIXTURE-SENIOR-300x273.jpeg 300w\" sizes=\"auto, (max-width: 612px) 100vw, 612px\" \/><\/a><\/p>\n","protected":false},"excerpt":{"rendered":"<p>Se realiz\u00f3 anoche la reuni\u00f3n de delegados del Departamento de F\u00fatbol Senior, donde se definieron detalles del certamen a iniciarse el pr\u00f3ximo 18 de septiembre. Participar\u00e1n 12 equipos, divididos en dos zonas, clasifican a segunda ronda los ubicados del primero al cuarto puesto de cada grupo.<\/p>\n","protected":false},"author":2,"featured_media":0,"comment_status":"open","ping_status":"open","sticky":false,"template":"","format":"standard","meta":{"footnotes":""},"categories":[4],"tags":[],"class_list":["post-34658","post","type-post","status-publish","format-standard","hentry","category-informaciongeneral"],"_links":{"self":[{"href":"https:\/\/ligamercedina.com\/web\/wp-json\/wp\/v2\/posts\/34658","targetHints":{"allow":["GET"]}}],"collection":[{"href":"https:\/\/ligamercedina.com\/web\/wp-json\/wp\/v2\/posts"}],"about":[{"href":"https:\/\/ligamercedina.com\/web\/wp-json\/wp\/v2\/types\/post"}],"author":[{"embeddable":true,"href":"https:\/\/ligamercedina.com\/web\/wp-json\/wp\/v2\/users\/2"}],"replies":[{"embeddable":true,"href":"https:\/\/ligamercedina.com\/web\/wp-json\/wp\/v2\/comments?post=34658"}],"version-history":[{"count":1,"href":"https:\/\/ligamercedina.com\/web\/wp-json\/wp\/v2\/posts\/34658\/revisions"}],"predecessor-version":[{"id":34660,"href":"https:\/\/ligamercedina.com\/web\/wp-json\/wp\/v2\/posts\/34658\/revisions\/34660"}],"wp:attachment":[{"href":"https:\/\/ligamercedina.com\/web\/wp-json\/wp\/v2\/media?parent=34658"}],"wp:term":[{"taxonomy":"category","embeddable":true,"href":"https:\/\/ligamercedina.com\/web\/wp-json\/wp\/v2\/categories?post=34658"},{"taxonomy":"post_tag","embeddable":true,"href":"https:\/\/ligamercedina.com\/web\/wp-json\/wp\/v2\/tags?post=34658"}],"curies":[{"name":"wp","href":"https:\/\/api.w.org\/{rel}","templated":true}]}}