{"id":34617,"date":"2024-08-25T23:00:29","date_gmt":"2024-08-26T02:00:29","guid":{"rendered":"https:\/\/ligamercedina.com\/web\/?p=34617"},"modified":"2024-08-26T12:14:18","modified_gmt":"2024-08-26T15:14:18","slug":"futbol-femenino-de-primera-tercera-fecha-2","status":"publish","type":"post","link":"https:\/\/ligamercedina.com\/web\/futbol-femenino-de-primera-tercera-fecha-2\/","title":{"rendered":"F\u00fatbol Femenino de Primera &#8211; tercera fecha"},"content":{"rendered":"<p><strong><a href=\"https:\/\/ligamercedina.com\/web\/wp-content\/uploads\/2024\/08\/e093665c-83dc-4b01-a937-587fc708af07.jpg\"><img loading=\"lazy\" decoding=\"async\" class=\"aligncenter size-large wp-image-34640\" src=\"https:\/\/ligamercedina.com\/web\/wp-content\/uploads\/2024\/08\/e093665c-83dc-4b01-a937-587fc708af07-1024x576.jpg\" alt=\"\" width=\"860\" height=\"484\" srcset=\"https:\/\/ligamercedina.com\/web\/wp-content\/uploads\/2024\/08\/e093665c-83dc-4b01-a937-587fc708af07-1024x576.jpg 1024w, https:\/\/ligamercedina.com\/web\/wp-content\/uploads\/2024\/08\/e093665c-83dc-4b01-a937-587fc708af07-300x169.jpg 300w, https:\/\/ligamercedina.com\/web\/wp-content\/uploads\/2024\/08\/e093665c-83dc-4b01-a937-587fc708af07-768x432.jpg 768w, https:\/\/ligamercedina.com\/web\/wp-content\/uploads\/2024\/08\/e093665c-83dc-4b01-a937-587fc708af07-1536x864.jpg 1536w, https:\/\/ligamercedina.com\/web\/wp-content\/uploads\/2024\/08\/e093665c-83dc-4b01-a937-587fc708af07.jpg 1600w\" sizes=\"auto, (max-width: 860px) 100vw, 860px\" \/><\/a>Atl\u00e9tico Rodr\u00edguez 3:<\/strong> Soledad Hartwing, Antonella Vallejos y Ana Zenone.<br \/>\n<strong>Trocha 1:<\/strong> Julieta Nieves.<\/p>\n<p><strong>Uni\u00f3n 0.<br \/>\nDefensores 1:<\/strong> Cintia Aranda.<\/p>\n<p><strong>Pabell\u00f3n Argentino 2:<\/strong> Camila Fern\u00e1ndez.<br \/>\n<strong>El Front\u00f3n 0<\/strong>.<\/p>\n<p><strong>Deportivo Nicol\u00e1s 1:<\/strong> Mar\u00eda Maldonado.<br \/>\n<strong>Flandria 4: <\/strong>Ayl\u00e9n Funke, Stefan\u00eda Gatica y Roc\u00edo L\u00f3pez Yelpo.<\/p>\n<p><strong>La Tijera 2:<\/strong> Daiana Su\u00e1rez 2.<br \/>\n<strong>Palometas 2:<\/strong> Luc\u00eda Monteros y Matilda S\u00e1nchez.<br \/>\n<a href=\"https:\/\/ligamercedina.com\/web\/wp-content\/uploads\/2024\/08\/Primera-femenino-1.jpg\"><img loading=\"lazy\" decoding=\"async\" class=\"aligncenter size-full wp-image-34629\" src=\"https:\/\/ligamercedina.com\/web\/wp-content\/uploads\/2024\/08\/Primera-femenino-1.jpg\" alt=\"\" width=\"640\" height=\"354\" srcset=\"https:\/\/ligamercedina.com\/web\/wp-content\/uploads\/2024\/08\/Primera-femenino-1.jpg 640w, https:\/\/ligamercedina.com\/web\/wp-content\/uploads\/2024\/08\/Primera-femenino-1-300x166.jpg 300w\" sizes=\"auto, (max-width: 640px) 100vw, 640px\" \/><\/a><\/p>\n<p><strong>Cuarta fecha<\/strong><br \/>\nDefensores Juniors vs. Pabell\u00f3n.<br \/>\nClub Mercedes vs. Atl\u00e9tico Rodr\u00edguez.<br \/>\nTrocha vs. La Tijera.<br \/>\nPalometas vs. Social y Deportivo Nicol\u00e1s.<br \/>\nEl Tim\u00f3n vs. Uni\u00f3n.<\/p>\n<p><strong>Libres:<\/strong> El Front\u00f3n y Flandria.<\/p>\n","protected":false},"excerpt":{"rendered":"<p>Atl\u00e9tico Rodr\u00edguez 3: Soledad Hartwing, Antonella Vallejos y Ana Zenone. Trocha 1: Julieta Nieves. Uni\u00f3n 0. Defensores 1: Cintia Aranda. Pabell\u00f3n Argentino 2: Camila Fern\u00e1ndez. El Front\u00f3n 0. Deportivo Nicol\u00e1s 1: Mar\u00eda Maldonado. Flandria 4: Ayl\u00e9n Funke, Stefan\u00eda Gatica y Roc\u00edo L\u00f3pez Yelpo. La Tijera 2: Daiana Su\u00e1rez 2. Palometas 2: Luc\u00eda Monteros y Matilda S\u00e1nchez. Cuarta fecha Defensores Juniors<\/p>\n","protected":false},"author":2,"featured_media":0,"comment_status":"open","ping_status":"open","sticky":false,"template":"","format":"standard","meta":{"footnotes":""},"categories":[4],"tags":[124,114,15],"class_list":["post-34617","post","type-post","status-publish","format-standard","hentry","category-informaciongeneral","tag-futbol-femenino","tag-liga-mercedina-de-futbol","tag-primera-division"],"_links":{"self":[{"href":"https:\/\/ligamercedina.com\/web\/wp-json\/wp\/v2\/posts\/34617","targetHints":{"allow":["GET"]}}],"collection":[{"href":"https:\/\/ligamercedina.com\/web\/wp-json\/wp\/v2\/posts"}],"about":[{"href":"https:\/\/ligamercedina.com\/web\/wp-json\/wp\/v2\/types\/post"}],"author":[{"embeddable":true,"href":"https:\/\/ligamercedina.com\/web\/wp-json\/wp\/v2\/users\/2"}],"replies":[{"embeddable":true,"href":"https:\/\/ligamercedina.com\/web\/wp-json\/wp\/v2\/comments?post=34617"}],"version-history":[{"count":4,"href":"https:\/\/ligamercedina.com\/web\/wp-json\/wp\/v2\/posts\/34617\/revisions"}],"predecessor-version":[{"id":34641,"href":"https:\/\/ligamercedina.com\/web\/wp-json\/wp\/v2\/posts\/34617\/revisions\/34641"}],"wp:attachment":[{"href":"https:\/\/ligamercedina.com\/web\/wp-json\/wp\/v2\/media?parent=34617"}],"wp:term":[{"taxonomy":"category","embeddable":true,"href":"https:\/\/ligamercedina.com\/web\/wp-json\/wp\/v2\/categories?post=34617"},{"taxonomy":"post_tag","embeddable":true,"href":"https:\/\/ligamercedina.com\/web\/wp-json\/wp\/v2\/tags?post=34617"}],"curies":[{"name":"wp","href":"https:\/\/api.w.org\/{rel}","templated":true}]}}